{"id":16030,"date":"2014-06-23T20:00:36","date_gmt":"2014-06-23T23:00:36","guid":{"rendered":"http:\/\/www.cordobatimes.com\/deportes\/?p=16030"},"modified":"2014-06-24T00:07:25","modified_gmt":"2014-06-24T03:07:25","slug":"brasil-buscara-el-primer-lugar-ante-camerun","status":"publish","type":"post","link":"https:\/\/www.cordobatimes.com\/deportes\/futbol\/2014\/06\/23\/brasil-buscara-el-primer-lugar-ante-camerun\/","title":{"rendered":"Brasil gole\u00f3 y se aseguro el primer puesto en Grupo A"},"content":{"rendered":"<h3><strong><a href=\"http:\/\/www.cordobatimes.com\/deportes\/wp-content\/uploads\/2014\/06\/Neymar1.jpg\"><img loading=\"lazy\" decoding=\"async\" class=\"size-full wp-image-16035 aligncenter\" alt=\"Neymar\" src=\"http:\/\/www.cordobatimes.com\/deportes\/wp-content\/uploads\/2014\/06\/Neymar1.jpg\" width=\"1024\" height=\"632\" data-id=\"16035\" srcset=\"https:\/\/www.cordobatimes.com\/deportes\/wp-content\/uploads\/2014\/06\/Neymar1.jpg 1024w, https:\/\/www.cordobatimes.com\/deportes\/wp-content\/uploads\/2014\/06\/Neymar1-300x185.jpg 300w\" sizes=\"auto, (max-width: 1024px) 100vw, 1024px\" \/><\/a><\/strong><\/h3>\n<h3 style=\"text-align: justify;\"><strong>La verdeamarela venci\u00f3 por 4 a 1 a Camer\u00fan y qued\u00f3 como puntero de su zona. Los goles fueron marcados por Neymar, en dos oportunidades, Fred y Fernandinho. Joel Matip hab\u00eda puesto el empate transitorio para los africanos. Ahora en octavos deber\u00e1 medirse con Chile.<\/strong><\/h3>\n<h2><\/h2>\n<h3 style=\"text-align: justify;\"><strong>\u00a0<\/strong><strong>FORMACIONES<\/strong><\/h3>\n<p style=\"text-align: justify;\"><b>Brasil:<\/b>\u00a0Julio C\u00e9sar; Daniel Alves, Thiago Silva, David Luiz, Marcelo; Luiz Gustavo, Paulinho; Oscar, Hulk, Neymar; y Fred.\u00a0<b>DT:<\/b>\u00a0Luiz Felipe Scolari.<\/p>\n<div style=\"text-align: justify;\"><b>Camer\u00fan:\u00a0<\/b>Charles Itandje; Allan Nyom, Nicolas N&#8217;Koulou, Joel Matip, Henri B\u00e9dimo; Landry Ngu\u00e9mo, Eyong Enoh, Edgar Salli, Benjamin Moukandjo; Eric Choupo-Moting y Samuel Eto&#8217;o o Vincent Aboubakar.\u00a0<b>DT:<\/b>\u00a0Volker Finke.<\/div>\n","protected":false},"excerpt":{"rendered":"<p>La verdeamarela venci\u00f3 por 4 a 1 a Camer\u00fan y qued\u00f3 como puntero de su zona. Los goles fueron marcados por Neymar, en dos oportunidades, Fred y Fernandinho. Joel Matip hab\u00eda puesto el empate transitorio para los africanos. Ahora en octavos deber\u00e1 medirse con Chile. \u00a0FORMACIONES Brasil:\u00a0Julio C\u00e9sar; Daniel Alves, Thiago Silva, David Luiz, Marcelo; [&hellip;]<\/p>\n","protected":false},"author":2,"featured_media":16035,"comment_status":"open","ping_status":"open","sticky":false,"template":"","format":"standard","meta":{"_seopress_robots_primary_cat":"","_seopress_titles_title":"","_seopress_titles_desc":"","_seopress_robots_index":"","footnotes":""},"categories":[2,22],"tags":[3320,476,3291],"class_list":["post-16030","post","type-post","status-publish","format-standard","has-post-thumbnail","hentry","category-futbol","category-mundial-brasil-2014","tag-brasil-camerun","tag-brasil-2014","tag-grupo-a"],"_links":{"self":[{"href":"https:\/\/www.cordobatimes.com\/deportes\/wp-json\/wp\/v2\/posts\/16030","targetHints":{"allow":["GET"]}}],"collection":[{"href":"https:\/\/www.cordobatimes.com\/deportes\/wp-json\/wp\/v2\/posts"}],"about":[{"href":"https:\/\/www.cordobatimes.com\/deportes\/wp-json\/wp\/v2\/types\/post"}],"author":[{"embeddable":true,"href":"https:\/\/www.cordobatimes.com\/deportes\/wp-json\/wp\/v2\/users\/2"}],"replies":[{"embeddable":true,"href":"https:\/\/www.cordobatimes.com\/deportes\/wp-json\/wp\/v2\/comments?post=16030"}],"version-history":[{"count":0,"href":"https:\/\/www.cordobatimes.com\/deportes\/wp-json\/wp\/v2\/posts\/16030\/revisions"}],"wp:featuredmedia":[{"embeddable":true,"href":"https:\/\/www.cordobatimes.com\/deportes\/wp-json\/wp\/v2\/media\/16035"}],"wp:attachment":[{"href":"https:\/\/www.cordobatimes.com\/deportes\/wp-json\/wp\/v2\/media?parent=16030"}],"wp:term":[{"taxonomy":"category","embeddable":true,"href":"https:\/\/www.cordobatimes.com\/deportes\/wp-json\/wp\/v2\/categories?post=16030"},{"taxonomy":"post_tag","embeddable":true,"href":"https:\/\/www.cordobatimes.com\/deportes\/wp-json\/wp\/v2\/tags?post=16030"}],"curies":[{"name":"wp","href":"https:\/\/api.w.org\/{rel}","templated":true}]}}