{"id":16025,"date":"2014-06-23T10:05:17","date_gmt":"2014-06-23T13:05:17","guid":{"rendered":"http:\/\/www.cordobatimes.com\/deportes\/?p=16025"},"modified":"2014-06-23T10:08:19","modified_gmt":"2014-06-23T13:08:19","slug":"del-bosque-expulso-del-entrenamiento-a-cesc-fabregas-video","status":"publish","type":"post","link":"https:\/\/www.cordobatimes.com\/deportes\/futbol\/2014\/06\/23\/del-bosque-expulso-del-entrenamiento-a-cesc-fabregas-video\/","title":{"rendered":"Del Bosque expuls\u00f3 del entrenamiento a Cesc Fabregas (Video)"},"content":{"rendered":"<h3><strong><a href=\"http:\/\/www.cordobatimes.com\/deportes\/wp-content\/uploads\/2014\/06\/Espa\u00f1a.jpg\"><img loading=\"lazy\" decoding=\"async\" class=\"size-full wp-image-16026 aligncenter\" alt=\"Espa\u00f1a\" src=\"http:\/\/www.cordobatimes.com\/deportes\/wp-content\/uploads\/2014\/06\/Espa\u00f1a.jpg\" width=\"770\" height=\"433\" data-id=\"16026\" srcset=\"https:\/\/www.cordobatimes.com\/deportes\/wp-content\/uploads\/2014\/06\/Espa\u00f1a.jpg 770w, https:\/\/www.cordobatimes.com\/deportes\/wp-content\/uploads\/2014\/06\/Espa\u00f1a-300x168.jpg 300w\" sizes=\"auto, (max-width: 770px) 100vw, 770px\" \/><\/a><\/strong><\/h3>\n<h3 style=\"text-align: justify;\"><strong>En la pr\u00e1ctica del s\u00e1bado, el entrenador del conjunto espa\u00f1ol, ya eliminado del Mundial, decidi\u00f3 que el jugador del Barcelona no siga entren\u00e1ndose a la par de sus compa\u00f1eros y se saque la pechera. Mir\u00e1 las im\u00e1genes.<\/strong><\/h3>\n<p style=\"text-align: justify;\">\n<p style=\"text-align: justify;\">Seg\u00fan los medios ib\u00e9ricos, Cesc se perfilaba para ser titular en el duelo de hoy frente a Australia, pero la poca intensidad y compromiso mostrados por el futbolista hicieron que el DT se enoje, le pida quitarse la remera y entreg\u00e1rsela a Xabi Alonso. Acto seguido, Fabregas se march\u00f3 por el costado, mont\u00f3 una bicicleta y se retir\u00f3.<\/p>\n<p style=\"text-align: justify;\">Te dejamos el video:<\/p>\n<p>\u00a0<iframe loading=\"lazy\" src=\"\/\/www.youtube.com\/embed\/B_G2m3BbL_4\" height=\"315\" width=\"560\" allowfullscreen=\"\" frameborder=\"0\"><\/iframe><\/p>\n","protected":false},"excerpt":{"rendered":"<p>En la pr\u00e1ctica del s\u00e1bado, el entrenador del conjunto espa\u00f1ol, ya eliminado del Mundial, decidi\u00f3 que el jugador del Barcelona no siga entren\u00e1ndose a la par de sus compa\u00f1eros y se saque la pechera. Mir\u00e1 las im\u00e1genes. Seg\u00fan los medios ib\u00e9ricos, Cesc se perfilaba para ser titular en el duelo de hoy frente a Australia, [&hellip;]<\/p>\n","protected":false},"author":2,"featured_media":16026,"comment_status":"open","ping_status":"open","sticky":false,"template":"","format":"standard","meta":{"_seopress_robots_primary_cat":"","_seopress_titles_title":"","_seopress_titles_desc":"","_seopress_robots_index":"","footnotes":""},"categories":[2,22],"tags":[476,3318,301],"class_list":["post-16025","post","type-post","status-publish","format-standard","has-post-thumbnail","hentry","category-futbol","category-mundial-brasil-2014","tag-brasil-2014","tag-del-bosque-expulsa-a-fabregas-del-entrenamiento"],"_links":{"self":[{"href":"https:\/\/www.cordobatimes.com\/deportes\/wp-json\/wp\/v2\/posts\/16025","targetHints":{"allow":["GET"]}}],"collection":[{"href":"https:\/\/www.cordobatimes.com\/deportes\/wp-json\/wp\/v2\/posts"}],"about":[{"href":"https:\/\/www.cordobatimes.com\/deportes\/wp-json\/wp\/v2\/types\/post"}],"author":[{"embeddable":true,"href":"https:\/\/www.cordobatimes.com\/deportes\/wp-json\/wp\/v2\/users\/2"}],"replies":[{"embeddable":true,"href":"https:\/\/www.cordobatimes.com\/deportes\/wp-json\/wp\/v2\/comments?post=16025"}],"version-history":[{"count":0,"href":"https:\/\/www.cordobatimes.com\/deportes\/wp-json\/wp\/v2\/posts\/16025\/revisions"}],"wp:featuredmedia":[{"embeddable":true,"href":"https:\/\/www.cordobatimes.com\/deportes\/wp-json\/wp\/v2\/media\/16026"}],"wp:attachment":[{"href":"https:\/\/www.cordobatimes.com\/deportes\/wp-json\/wp\/v2\/media?parent=16025"}],"wp:term":[{"taxonomy":"category","embeddable":true,"href":"https:\/\/www.cordobatimes.com\/deportes\/wp-json\/wp\/v2\/categories?post=16025"},{"taxonomy":"post_tag","embeddable":true,"href":"https:\/\/www.cordobatimes.com\/deportes\/wp-json\/wp\/v2\/tags?post=16025"}],"curies":[{"name":"wp","href":"https:\/\/api.w.org\/{rel}","templated":true}]}}