{"id":15885,"date":"2014-06-20T17:43:38","date_gmt":"2014-06-20T20:43:38","guid":{"rendered":"http:\/\/www.cordobatimes.com\/deportes\/?p=15885"},"modified":"2014-06-20T17:45:43","modified_gmt":"2014-06-20T20:45:43","slug":"argentina-ultima-detalles-para-el-enfrentamiento-ante-iran","status":"publish","type":"post","link":"https:\/\/www.cordobatimes.com\/deportes\/futbol\/2014\/06\/20\/argentina-ultima-detalles-para-el-enfrentamiento-ante-iran\/","title":{"rendered":"Argentina ultima detalles para el enfrentamiento ante Ir\u00e1n"},"content":{"rendered":"<p style=\"text-align: center;\"><a href=\"http:\/\/www.cordobatimes.com\/deportes\/wp-content\/uploads\/2014\/06\/argentina1.jpg\"><img loading=\"lazy\" decoding=\"async\" class=\"size-full wp-image-15886 aligncenter\" alt=\"argentina\" src=\"http:\/\/www.cordobatimes.com\/deportes\/wp-content\/uploads\/2014\/06\/argentina1.jpg\" width=\"650\" height=\"450\" data-id=\"15886\" srcset=\"https:\/\/www.cordobatimes.com\/deportes\/wp-content\/uploads\/2014\/06\/argentina1.jpg 650w, https:\/\/www.cordobatimes.com\/deportes\/wp-content\/uploads\/2014\/06\/argentina1-300x207.jpg 300w\" sizes=\"auto, (max-width: 650px) 100vw, 650px\" \/><\/a><\/p>\n<h3 style=\"text-align: justify;\"><b>El seleccionado argentino realiz\u00f3 su \u00faltimo entrenamiento antes del cruce de ma\u00f1ana frente a Ir\u00e1n. Se juega a las 13 en el estadio Mineirao.<\/b><\/h3>\n<p style=\"text-align: justify;\">\n<p style=\"text-align: justify;\">\n<p style=\"text-align: justify;\">El conjunto dirigido por Alejandro Sabella realiz\u00f3 esta ma\u00f1ana la \u00faltima pr\u00e1ctica antes de jugar con Ir\u00e1n su segundo partido por el Grupo F en el Mundial de Brasil 2014. El mismo se jugar\u00e1 ma\u00f1ana desde las 13 en el estadio Governador Magalhaes Pintos (Mineirao).<\/p>\n<p style=\"text-align: justify;\">Sabella aun no confirm\u00f3 el equipo, aunque se sabe que formar\u00eda con un 4-3-3, donde jugar\u00edan los \u201ccuatro fant\u00e1sticos\u201d (\u00c1ngel Di Mar\u00eda, Lionel Messi, Sergio Ag\u00fcero y Gonzalo Higua\u00edn). En la pr\u00e1ctica matutina, el director t\u00e9cnico dispuso que los jugadores realicen trabajos con pelota parada. En primera instancia se iba a realizar en el propio Mineirao, pero finalmente lo hicieron en el predio de Cidade Do Galo, en la localidad de Vespasiano.<\/p>\n<p style=\"text-align: justify;\">Esto se debi\u00f3 a que autoridades de la FIFA recomendaron que no se pise el c\u00e9sped as\u00ed es preservado para el choque de ma\u00f1ana. De esta manera, la selecci\u00f3n nacional solo pisara la cancha minutos antes del juego.<\/p>\n<p style=\"text-align: justify;\">Argentina lidera su zona con 3 unidades, y sellar\u00e1 su pase a los octavos de final en caso de conseguir una victoria. Podr\u00eda garantizarse el primer puesto de su grupo en caso de que Nigeria y Bosnia empaten en el encuentro que disputaran desde las 19 e Cuiab\u00e1.<\/p>\n","protected":false},"excerpt":{"rendered":"<p>El seleccionado argentino realiz\u00f3 su \u00faltimo entrenamiento antes del cruce de ma\u00f1ana frente a Ir\u00e1n. Se juega a las 13 en el estadio Mineirao. El conjunto dirigido por Alejandro Sabella realiz\u00f3 esta ma\u00f1ana la \u00faltima pr\u00e1ctica antes de jugar con Ir\u00e1n su segundo partido por el Grupo F en el Mundial de Brasil 2014. El [&hellip;]<\/p>\n","protected":false},"author":15,"featured_media":15886,"comment_status":"open","ping_status":"open","sticky":false,"template":"","format":"standard","meta":{"_seopress_robots_primary_cat":"","_seopress_titles_title":"","_seopress_titles_desc":"","_seopress_robots_index":"","footnotes":""},"categories":[2,22],"tags":[1954,26,476,107,421,108,655,1987],"class_list":["post-15885","post","type-post","status-publish","format-standard","has-post-thumbnail","hentry","category-futbol","category-mundial-brasil-2014","tag-alejandro-sabella","tag-argentina","tag-brasil-2014","tag-copa-del-mundo","tag-entrenamiento","tag-fifa","tag-lionel-messi","tag-mineirao"],"_links":{"self":[{"href":"https:\/\/www.cordobatimes.com\/deportes\/wp-json\/wp\/v2\/posts\/15885","targetHints":{"allow":["GET"]}}],"collection":[{"href":"https:\/\/www.cordobatimes.com\/deportes\/wp-json\/wp\/v2\/posts"}],"about":[{"href":"https:\/\/www.cordobatimes.com\/deportes\/wp-json\/wp\/v2\/types\/post"}],"author":[{"embeddable":true,"href":"https:\/\/www.cordobatimes.com\/deportes\/wp-json\/wp\/v2\/users\/15"}],"replies":[{"embeddable":true,"href":"https:\/\/www.cordobatimes.com\/deportes\/wp-json\/wp\/v2\/comments?post=15885"}],"version-history":[{"count":0,"href":"https:\/\/www.cordobatimes.com\/deportes\/wp-json\/wp\/v2\/posts\/15885\/revisions"}],"wp:featuredmedia":[{"embeddable":true,"href":"https:\/\/www.cordobatimes.com\/deportes\/wp-json\/wp\/v2\/media\/15886"}],"wp:attachment":[{"href":"https:\/\/www.cordobatimes.com\/deportes\/wp-json\/wp\/v2\/media?parent=15885"}],"wp:term":[{"taxonomy":"category","embeddable":true,"href":"https:\/\/www.cordobatimes.com\/deportes\/wp-json\/wp\/v2\/categories?post=15885"},{"taxonomy":"post_tag","embeddable":true,"href":"https:\/\/www.cordobatimes.com\/deportes\/wp-json\/wp\/v2\/tags?post=15885"}],"curies":[{"name":"wp","href":"https:\/\/api.w.org\/{rel}","templated":true}]}}