{"id":15878,"date":"2014-06-20T16:19:01","date_gmt":"2014-06-20T19:19:01","guid":{"rendered":"http:\/\/www.cordobatimes.com\/deportes\/?p=15878"},"modified":"2014-06-21T22:23:12","modified_gmt":"2014-06-22T01:23:12","slug":"ginobili-estara-en-el-mundial","status":"publish","type":"post","link":"https:\/\/www.cordobatimes.com\/deportes\/basquet\/2014\/06\/20\/ginobili-estara-en-el-mundial\/","title":{"rendered":"Gin\u00f3bili estar\u00e1 en el Mundial"},"content":{"rendered":"<p style=\"text-align: center;\"><a href=\"http:\/\/www.cordobatimes.com\/deportes\/wp-content\/uploads\/2014\/06\/Manu1.jpg\"><img loading=\"lazy\" decoding=\"async\" class=\"size-full wp-image-15879 aligncenter\" alt=\"Manu\" src=\"http:\/\/www.cordobatimes.com\/deportes\/wp-content\/uploads\/2014\/06\/Manu1.jpg\" width=\"600\" height=\"400\" data-id=\"15879\" srcset=\"https:\/\/www.cordobatimes.com\/deportes\/wp-content\/uploads\/2014\/06\/Manu1.jpg 600w, https:\/\/www.cordobatimes.com\/deportes\/wp-content\/uploads\/2014\/06\/Manu1-300x200.jpg 300w\" sizes=\"auto, (max-width: 600px) 100vw, 600px\" \/><\/a><\/p>\n<h3 style=\"text-align: justify;\"><b>Manu confirm\u00f3 en su cuenta de Twitter que ser\u00e1 parte del plantel argentino que disputara, a partir del 30 de agosto, el Mundial de Espa\u00f1a. \u201cEstoy adentro\u201d, fue la frase del bahiense.<\/b><\/h3>\n<h3 style=\"text-align: justify;\"><\/h3>\n<p style=\"text-align: justify;\">D\u00edas despu\u00e9s de obtener su cuarto t\u00edtulo en la NBA, Emanuel Gin\u00f3bili anunci\u00f3 que disputar\u00e1 el campeonato mundial. Una vez terminada la final frente a los Miami Heat, el jugador oriundo de Bah\u00eda Blanca hab\u00eda anunciado que se tomar\u00eda unos d\u00edas para pensar si formar\u00eda parte del plantel argentino que viajar\u00e1 a Espa\u00f1a.<\/p>\n<p style=\"text-align: justify;\">La idea era sentarse con su mujer y juntos analizar su presencia en la cita ecum\u00e9nica. \u201cEl cuerpo pide descanso, la cabeza tambi\u00e9n. No es una decisi\u00f3n tan f\u00e1cil como parece\u201d, hab\u00edan sido las palabras del bahiense. Sin embargo, hoy lleg\u00f3 la noticia m\u00e1s esperada v\u00eda Twitter, en donde &#8220;Manu&#8221; escribi\u00f3 : \u201c\u00a1Estoy adentro!\u201d.<\/p>\n<p style=\"text-align: justify;\">De esta manera el escolta volver\u00e1 a vestir la camiseta 5 celeste y blanca, en lo que ser\u00e1 probablemente su \u00faltima presentaci\u00f3n oficial con la Selecci\u00f3n Argentina. As\u00ed, Julio Lamas podr\u00e1 contar con sus m\u00e1ximas figuras luego de las confirmaciones de Luis Scola, Andr\u00e9s Nocioni y Pablo Priogioni entre otros. Resta saber si Carlos Delfino podr\u00e1 ser parte de la delegaci\u00f3n, ya que lleva m\u00e1s de un a\u00f1o sin jugar debido a una lesi\u00f3n en un pie.<\/p>\n<p style=\"text-align: justify;\">El elenco nacional debuta el 30 de agosto en Sevilla frente a Puerto Rico, por la primera fecha del Grupo B. El mismo es completado con Filipinas, Senegal, Grecia y Croacia.<\/p>\n","protected":false},"excerpt":{"rendered":"<p>Manu confirm\u00f3 en su cuenta de Twitter que ser\u00e1 parte del plantel argentino que disputara, a partir del 30 de agosto, el Mundial de Espa\u00f1a. \u201cEstoy adentro\u201d, fue la frase del bahiense. D\u00edas despu\u00e9s de obtener su cuarto t\u00edtulo en la NBA, Emanuel Gin\u00f3bili anunci\u00f3 que disputar\u00e1 el campeonato mundial. Una vez terminada la final [&hellip;]<\/p>\n","protected":false},"author":15,"featured_media":15879,"comment_status":"open","ping_status":"open","sticky":false,"template":"","format":"standard","meta":{"_seopress_robots_primary_cat":"","_seopress_titles_title":"","_seopress_titles_desc":"","_seopress_robots_index":"","footnotes":""},"categories":[3],"tags":[457,1043,2517,138],"class_list":{"0":"post-15878","1":"post","2":"type-post","3":"status-publish","4":"format-standard","5":"has-post-thumbnail","6":"hentry","7":"category-basquet","8":"tag-fiba","9":"tag-manu-ginobili","11":"tag-nba"},"_links":{"self":[{"href":"https:\/\/www.cordobatimes.com\/deportes\/wp-json\/wp\/v2\/posts\/15878","targetHints":{"allow":["GET"]}}],"collection":[{"href":"https:\/\/www.cordobatimes.com\/deportes\/wp-json\/wp\/v2\/posts"}],"about":[{"href":"https:\/\/www.cordobatimes.com\/deportes\/wp-json\/wp\/v2\/types\/post"}],"author":[{"embeddable":true,"href":"https:\/\/www.cordobatimes.com\/deportes\/wp-json\/wp\/v2\/users\/15"}],"replies":[{"embeddable":true,"href":"https:\/\/www.cordobatimes.com\/deportes\/wp-json\/wp\/v2\/comments?post=15878"}],"version-history":[{"count":0,"href":"https:\/\/www.cordobatimes.com\/deportes\/wp-json\/wp\/v2\/posts\/15878\/revisions"}],"wp:featuredmedia":[{"embeddable":true,"href":"https:\/\/www.cordobatimes.com\/deportes\/wp-json\/wp\/v2\/media\/15879"}],"wp:attachment":[{"href":"https:\/\/www.cordobatimes.com\/deportes\/wp-json\/wp\/v2\/media?parent=15878"}],"wp:term":[{"taxonomy":"category","embeddable":true,"href":"https:\/\/www.cordobatimes.com\/deportes\/wp-json\/wp\/v2\/categories?post=15878"},{"taxonomy":"post_tag","embeddable":true,"href":"https:\/\/www.cordobatimes.com\/deportes\/wp-json\/wp\/v2\/tags?post=15878"}],"curies":[{"name":"wp","href":"https:\/\/api.w.org\/{rel}","templated":true}]}}