{"id":15808,"date":"2014-06-19T12:23:40","date_gmt":"2014-06-19T15:23:40","guid":{"rendered":"http:\/\/www.cordobatimes.com\/deportes\/?p=15808"},"modified":"2014-06-19T18:53:47","modified_gmt":"2014-06-19T21:53:47","slug":"un-arbitro-serbio-dirigira-el-segundo-partido-de-argentina","status":"publish","type":"post","link":"https:\/\/www.cordobatimes.com\/deportes\/futbol\/2014\/06\/19\/un-arbitro-serbio-dirigira-el-segundo-partido-de-argentina\/","title":{"rendered":"Un \u00e1rbitro serbio dirigir\u00e1 el segundo partido de Argentina"},"content":{"rendered":"<h3><strong><a href=\"http:\/\/www.cordobatimes.com\/deportes\/wp-content\/uploads\/2014\/06\/Mazic.jpg\"><img loading=\"lazy\" decoding=\"async\" class=\"size-full wp-image-15811 aligncenter\" alt=\"Mazic\" src=\"http:\/\/www.cordobatimes.com\/deportes\/wp-content\/uploads\/2014\/06\/Mazic.jpg\" width=\"640\" height=\"456\" data-id=\"15811\" srcset=\"https:\/\/www.cordobatimes.com\/deportes\/wp-content\/uploads\/2014\/06\/Mazic.jpg 640w, https:\/\/www.cordobatimes.com\/deportes\/wp-content\/uploads\/2014\/06\/Mazic-300x213.jpg 300w\" sizes=\"auto, (max-width: 640px) 100vw, 640px\" \/><\/a><\/strong><\/h3>\n<h3 style=\"text-align: justify;\"><strong>Se trata de Milorad Mazic, quien ser\u00e1 el encargado de impartir justicia en el duelo que la albiceleste tendr\u00e1 el s\u00e1bado frente al combinado de Ir\u00e1n, en el Estadio Mineirao.<\/strong><\/h3>\n<p style=\"text-align: justify;\">\n<p style=\"text-align: justify;\">El juez, de 41 a\u00f1os de edad, nacido el 23 de marzo de 1973, dirige partidos internacionales desde el a\u00f1o 2009 y ya form\u00f3 parte de un partido de este Mundial 2014, en lo que fue la abultada victoria de Alemania sobre Portugal por 4-0. En ese duelo no sufri\u00f3 mayores sobresaltos y su actuaci\u00f3n fue vista con buenos ojos por la FIFA, que lo volvi\u00f3 a designar para la segunda fecha.<\/p>\n<p style=\"text-align: justify;\">Mazic, que buscar\u00e1 completar otra buena tarea, estar\u00e1 acompa\u00f1ado por sus\u00a0compatriotas Milovan Ristic y Dalibor Djurdjevic como asistentes.<\/p>\n","protected":false},"excerpt":{"rendered":"<p>Se trata de Milorad Mazic, quien ser\u00e1 el encargado de impartir justicia en el duelo que la albiceleste tendr\u00e1 el s\u00e1bado frente al combinado de Ir\u00e1n, en el Estadio Mineirao. El juez, de 41 a\u00f1os de edad, nacido el 23 de marzo de 1973, dirige partidos internacionales desde el a\u00f1o 2009 y ya form\u00f3 parte [&hellip;]<\/p>\n","protected":false},"author":2,"featured_media":15811,"comment_status":"open","ping_status":"open","sticky":false,"template":"","format":"standard","meta":{"_seopress_robots_primary_cat":"","_seopress_titles_title":"","_seopress_titles_desc":"","_seopress_robots_index":"","footnotes":""},"categories":[2],"tags":[3294,26,968,3295],"class_list":["post-15808","post","type-post","status-publish","format-standard","has-post-thumbnail","hentry","category-futbol","tag-arbitro-serbio","tag-argentina","tag-iran","tag-milorad-mazic"],"_links":{"self":[{"href":"https:\/\/www.cordobatimes.com\/deportes\/wp-json\/wp\/v2\/posts\/15808","targetHints":{"allow":["GET"]}}],"collection":[{"href":"https:\/\/www.cordobatimes.com\/deportes\/wp-json\/wp\/v2\/posts"}],"about":[{"href":"https:\/\/www.cordobatimes.com\/deportes\/wp-json\/wp\/v2\/types\/post"}],"author":[{"embeddable":true,"href":"https:\/\/www.cordobatimes.com\/deportes\/wp-json\/wp\/v2\/users\/2"}],"replies":[{"embeddable":true,"href":"https:\/\/www.cordobatimes.com\/deportes\/wp-json\/wp\/v2\/comments?post=15808"}],"version-history":[{"count":0,"href":"https:\/\/www.cordobatimes.com\/deportes\/wp-json\/wp\/v2\/posts\/15808\/revisions"}],"wp:featuredmedia":[{"embeddable":true,"href":"https:\/\/www.cordobatimes.com\/deportes\/wp-json\/wp\/v2\/media\/15811"}],"wp:attachment":[{"href":"https:\/\/www.cordobatimes.com\/deportes\/wp-json\/wp\/v2\/media?parent=15808"}],"wp:term":[{"taxonomy":"category","embeddable":true,"href":"https:\/\/www.cordobatimes.com\/deportes\/wp-json\/wp\/v2\/categories?post=15808"},{"taxonomy":"post_tag","embeddable":true,"href":"https:\/\/www.cordobatimes.com\/deportes\/wp-json\/wp\/v2\/tags?post=15808"}],"curies":[{"name":"wp","href":"https:\/\/api.w.org\/{rel}","templated":true}]}}