{"id":15802,"date":"2014-06-19T12:15:03","date_gmt":"2014-06-19T15:15:03","guid":{"rendered":"http:\/\/www.cordobatimes.com\/deportes\/?p=15802"},"modified":"2014-06-19T18:57:15","modified_gmt":"2014-06-19T21:57:15","slug":"sabella-pondra-en-cancha-a-los-4-fantasticos","status":"publish","type":"post","link":"https:\/\/www.cordobatimes.com\/deportes\/futbol\/2014\/06\/19\/sabella-pondra-en-cancha-a-los-4-fantasticos\/","title":{"rendered":"Sabella pondr\u00e1 en cancha a &#8220;los 4 fant\u00e1sticos&#8221;"},"content":{"rendered":"<h3 style=\"text-align: justify;\"><strong><a href=\"http:\/\/www.cordobatimes.com\/deportes\/wp-content\/uploads\/2014\/06\/los-4-fantasticos.jpg\"><img loading=\"lazy\" decoding=\"async\" class=\"size-full wp-image-15803 aligncenter\" alt=\"los 4 fantasticos\" src=\"http:\/\/www.cordobatimes.com\/deportes\/wp-content\/uploads\/2014\/06\/los-4-fantasticos.jpg\" width=\"640\" height=\"320\" data-id=\"15803\" srcset=\"https:\/\/www.cordobatimes.com\/deportes\/wp-content\/uploads\/2014\/06\/los-4-fantasticos.jpg 640w, https:\/\/www.cordobatimes.com\/deportes\/wp-content\/uploads\/2014\/06\/los-4-fantasticos-300x150.jpg 300w\" sizes=\"auto, (max-width: 640px) 100vw, 640px\" \/><\/a><\/strong><\/h3>\n<h3 style=\"text-align: justify;\"><strong>Luego del mal primer tiempo de Argentina en el debut ante Bosnia, con un esquema con cinco defensores, el entrenador argentino volver\u00e1, contra Ir\u00e1n, al sistema de juego que m\u00e1s resultados le dio, con Di Mar\u00eda, Ag\u00fcero, Messi e Higua\u00edn. La pr\u00e1ctica de hoy es cerrada a la prensa.<\/strong><\/h3>\n<p>&nbsp;<\/p>\n<p style=\"text-align: justify;\">El bunker albiceleste en Belo Horizonte muestra buen clima, siempre acompa\u00f1ados por miles de fan\u00e1ticos que buscan la m\u00ednima posibilidad de toparse con los jugadores para, al menos, sacarse una foto. Entre tanta buena onda producida tras obtener los primeros tres puntos en Brasil 2014, la cabeza del DT tom\u00f3 nota del flojo desempe\u00f1o que tuvo el combinado nacional en los 45 minutos iniciales en el Maracan\u00e1 y recurrir\u00e1 al esquema preferido por Messi y los atacantes, el 4-3-3 que tambi\u00e9n utiliz\u00f3 en el complemento del debut.<\/p>\n<p style=\"text-align: justify;\">De esta forma, Sabella har\u00e1 dos modificaciones con los ingresos de Fernando Gago y Gonzalo Higua\u00edn, quienes reemplazar\u00e1n a Hugo Campagnaro y Maxi Rodr\u00edguez, pasando a formar una l\u00ednea de 4 en el fondo con Zabaleta, Fern\u00e1ndez, Garay y Rojo, un mediocampo integrado por Mascherano, Gago alternando el medio y la derecha y \u00c1ngel Di Mar\u00eda comenzando desde la izquierda, y un ataque con el tridente m\u00e1s peligroso para las defensas rivales, compuesto por Lionel Messi, Sergio Ag\u00fcero e Higua\u00edn. Todos ellos siempre custodiados por el 1, Sergio Romero.<\/p>\n<p style=\"text-align: justify;\">El partido se desarrollar\u00e1 en el Estadio Mineirao de Belo Horizonte, el s\u00e1bado a partir de las 13, donde Argentina buscar\u00e1 obtener el pasaje a los octavos de final.<\/p>\n","protected":false},"excerpt":{"rendered":"<p>Luego del mal primer tiempo de Argentina en el debut ante Bosnia, con un esquema con cinco defensores, el entrenador argentino volver\u00e1, contra Ir\u00e1n, al sistema de juego que m\u00e1s resultados le dio, con Di Mar\u00eda, Ag\u00fcero, Messi e Higua\u00edn. La pr\u00e1ctica de hoy es cerrada a la prensa. &nbsp; El bunker albiceleste en Belo [&hellip;]<\/p>\n","protected":false},"author":2,"featured_media":15803,"comment_status":"open","ping_status":"open","sticky":false,"template":"","format":"standard","meta":{"_seopress_robots_primary_cat":"","_seopress_titles_title":"","_seopress_titles_desc":"","_seopress_robots_index":"","footnotes":""},"categories":[2,22],"tags":[26,476,968,3293,88,29],"class_list":["post-15802","post","type-post","status-publish","format-standard","has-post-thumbnail","hentry","category-futbol","category-mundial-brasil-2014","tag-argentina","tag-brasil-2014","tag-iran","tag-los-4-fantasticos","tag-messi","tag-sabella"],"_links":{"self":[{"href":"https:\/\/www.cordobatimes.com\/deportes\/wp-json\/wp\/v2\/posts\/15802","targetHints":{"allow":["GET"]}}],"collection":[{"href":"https:\/\/www.cordobatimes.com\/deportes\/wp-json\/wp\/v2\/posts"}],"about":[{"href":"https:\/\/www.cordobatimes.com\/deportes\/wp-json\/wp\/v2\/types\/post"}],"author":[{"embeddable":true,"href":"https:\/\/www.cordobatimes.com\/deportes\/wp-json\/wp\/v2\/users\/2"}],"replies":[{"embeddable":true,"href":"https:\/\/www.cordobatimes.com\/deportes\/wp-json\/wp\/v2\/comments?post=15802"}],"version-history":[{"count":0,"href":"https:\/\/www.cordobatimes.com\/deportes\/wp-json\/wp\/v2\/posts\/15802\/revisions"}],"wp:featuredmedia":[{"embeddable":true,"href":"https:\/\/www.cordobatimes.com\/deportes\/wp-json\/wp\/v2\/media\/15803"}],"wp:attachment":[{"href":"https:\/\/www.cordobatimes.com\/deportes\/wp-json\/wp\/v2\/media?parent=15802"}],"wp:term":[{"taxonomy":"category","embeddable":true,"href":"https:\/\/www.cordobatimes.com\/deportes\/wp-json\/wp\/v2\/categories?post=15802"},{"taxonomy":"post_tag","embeddable":true,"href":"https:\/\/www.cordobatimes.com\/deportes\/wp-json\/wp\/v2\/tags?post=15802"}],"curies":[{"name":"wp","href":"https:\/\/api.w.org\/{rel}","templated":true}]}}