{"id":15752,"date":"2014-06-18T11:27:41","date_gmt":"2014-06-18T14:27:41","guid":{"rendered":"http:\/\/www.cordobatimes.com\/deportes\/?p=15752"},"modified":"2014-06-18T11:27:41","modified_gmt":"2014-06-18T14:27:41","slug":"belgrano-tiene-su-primer-refuerzo","status":"publish","type":"post","link":"https:\/\/www.cordobatimes.com\/deportes\/futbol\/2014\/06\/18\/belgrano-tiene-su-primer-refuerzo\/","title":{"rendered":"Belgrano tiene su primer refuerzo"},"content":{"rendered":"<p style=\"text-align: center;\"><a href=\"http:\/\/www.cordobatimes.com\/deportes\/wp-content\/uploads\/2014\/06\/Soto.jpg\"><img loading=\"lazy\" decoding=\"async\" class=\"size-full wp-image-15755 aligncenter\" alt=\"Soto\" src=\"http:\/\/www.cordobatimes.com\/deportes\/wp-content\/uploads\/2014\/06\/Soto.jpg\" width=\"630\" height=\"387\" data-id=\"15755\" srcset=\"https:\/\/www.cordobatimes.com\/deportes\/wp-content\/uploads\/2014\/06\/Soto.jpg 630w, https:\/\/www.cordobatimes.com\/deportes\/wp-content\/uploads\/2014\/06\/Soto-300x184.jpg 300w\" sizes=\"auto, (max-width: 630px) 100vw, 630px\" \/><\/a><\/p>\n<h3 style=\"text-align: justify;\"><b>El defensor Carlos Soto se convirti\u00f3 ayer en el primer refuerzo pirata de cara a la pr\u00f3xima temporada. Hoy arrancan las pr\u00e1cticas de la \u201cB\u201d.<\/b><\/h3>\n<p style=\"text-align: justify;\">\n<p style=\"text-align: justify;\">\n<p style=\"text-align: justify;\">Hoy comienza la pretemporada del conjunto de barrio Alberdi en el predio de Villa Esqui\u00fa, en donde se entrenaran hasta fin de mes para luego trasladarse hacia Necochea. La buena noticia para el \u201cRuso\u201d Zielinski es que podr\u00e1 contar con Carlos Souto, quien anoche firm\u00f3 su contrato con la entidad por 18 meses.<\/p>\n<p style=\"text-align: justify;\">El defensor, que viene de jugar en All Boys, se sumar\u00e1 en el transcurso de la semana a los trabajos junto a sus nuevos compa\u00f1eros para llegar de la mejor forma al comienzo del Torneo de Transici\u00f3n, que comenzar\u00e1 en agosto.<\/p>\n<p style=\"text-align: justify;\">La llegada del formose\u00f1o tendr\u00e1 como fin suplir la salida del uruguayo Sergio Rodr\u00edguez, el cual no continuar\u00e1 en el celeste. Soto, de 30 a\u00f1os, ya jugo en V\u00e9lez Sarsfield, Nueva Chicago y Gimnasia y Esgrima de Jujuy.<\/p>\n<p style=\"text-align: justify;\">De esta manera, Belgrano ya movi\u00f3 e mercado de pases y ahora buscar\u00e1 sumar un volante y un delantero para atender a los pedidos del entrenador Ricardo Zielinski, quien solicit\u00f3 un jugador por l\u00ednea.<\/p>\n","protected":false},"excerpt":{"rendered":"<p>El defensor Carlos Soto se convirti\u00f3 ayer en el primer refuerzo pirata de cara a la pr\u00f3xima temporada. Hoy arrancan las pr\u00e1cticas de la \u201cB\u201d. Hoy comienza la pretemporada del conjunto de barrio Alberdi en el predio de Villa Esqui\u00fa, en donde se entrenaran hasta fin de mes para luego trasladarse hacia Necochea. La buena [&hellip;]<\/p>\n","protected":false},"author":15,"featured_media":15755,"comment_status":"open","ping_status":"open","sticky":false,"template":"","format":"standard","meta":{"_seopress_robots_primary_cat":"","_seopress_titles_title":"","_seopress_titles_desc":"","_seopress_robots_index":"","footnotes":""},"categories":[2,16],"tags":[3285,37,3286,2704,1017,105,550],"class_list":["post-15752","post","type-post","status-publish","format-standard","has-post-thumbnail","hentry","category-futbol","category-primera-division","tag-alberdi","tag-belgrano","tag-carlos-soto","tag-mercado-de-pases","tag-pretemporada","tag-primera-division-2","tag-zielinski"],"_links":{"self":[{"href":"https:\/\/www.cordobatimes.com\/deportes\/wp-json\/wp\/v2\/posts\/15752","targetHints":{"allow":["GET"]}}],"collection":[{"href":"https:\/\/www.cordobatimes.com\/deportes\/wp-json\/wp\/v2\/posts"}],"about":[{"href":"https:\/\/www.cordobatimes.com\/deportes\/wp-json\/wp\/v2\/types\/post"}],"author":[{"embeddable":true,"href":"https:\/\/www.cordobatimes.com\/deportes\/wp-json\/wp\/v2\/users\/15"}],"replies":[{"embeddable":true,"href":"https:\/\/www.cordobatimes.com\/deportes\/wp-json\/wp\/v2\/comments?post=15752"}],"version-history":[{"count":0,"href":"https:\/\/www.cordobatimes.com\/deportes\/wp-json\/wp\/v2\/posts\/15752\/revisions"}],"wp:featuredmedia":[{"embeddable":true,"href":"https:\/\/www.cordobatimes.com\/deportes\/wp-json\/wp\/v2\/media\/15755"}],"wp:attachment":[{"href":"https:\/\/www.cordobatimes.com\/deportes\/wp-json\/wp\/v2\/media?parent=15752"}],"wp:term":[{"taxonomy":"category","embeddable":true,"href":"https:\/\/www.cordobatimes.com\/deportes\/wp-json\/wp\/v2\/categories?post=15752"},{"taxonomy":"post_tag","embeddable":true,"href":"https:\/\/www.cordobatimes.com\/deportes\/wp-json\/wp\/v2\/tags?post=15752"}],"curies":[{"name":"wp","href":"https:\/\/api.w.org\/{rel}","templated":true}]}}