{"id":15663,"date":"2014-06-17T12:49:01","date_gmt":"2014-06-17T15:49:01","guid":{"rendered":"http:\/\/www.cordobatimes.com\/deportes\/?p=15663"},"modified":"2014-06-17T12:49:01","modified_gmt":"2014-06-17T15:49:01","slug":"album-del-mundial-balotelli-lleno-la-pagina-de-italia-con-figuritas-suyas","status":"publish","type":"post","link":"https:\/\/www.cordobatimes.com\/deportes\/futbol\/2014\/06\/17\/album-del-mundial-balotelli-lleno-la-pagina-de-italia-con-figuritas-suyas\/","title":{"rendered":"\u00c1lbum del Mundial: Balotelli llen\u00f3 la p\u00e1gina de Italia con figuritas suyas"},"content":{"rendered":"<h3 style=\"text-align: justify;\"><strong><a href=\"http:\/\/www.cordobatimes.com\/deportes\/wp-content\/uploads\/2014\/06\/Balotelli1.jpg\"><img loading=\"lazy\" decoding=\"async\" class=\"size-full wp-image-15665 aligncenter\" alt=\"Balotelli1\" src=\"http:\/\/www.cordobatimes.com\/deportes\/wp-content\/uploads\/2014\/06\/Balotelli1.jpg\" width=\"640\" height=\"360\" data-id=\"15665\" srcset=\"https:\/\/www.cordobatimes.com\/deportes\/wp-content\/uploads\/2014\/06\/Balotelli1.jpg 640w, https:\/\/www.cordobatimes.com\/deportes\/wp-content\/uploads\/2014\/06\/Balotelli1-300x168.jpg 300w\" sizes=\"auto, (max-width: 640px) 100vw, 640px\" \/><\/a>Se sabe que al jugador del Mil\u00e1n le encanta hacer locuras. Esta vez, se encarg\u00f3 de completar el sector asignado para la Azzurra con stickers propios. Eso s\u00ed, dej\u00f3 la del escudo y la del plantel.\u00a0<\/strong><\/h3>\n<p style=\"text-align: justify;\">\n<p style=\"text-align: justify;\">Luego del gol que le permiti\u00f3 a los de Prandelli ganarles 2-1 a Inglaterra, Balotelli subi\u00f3 una imagen a las redes sociales donde se observa un \u00e1lbum de figuritas de Brasil 2014 abierto en la p\u00e1gina correspondiente a Italia. Para sorpresa de muchos, la foto muestra que todos los jugadores que deber\u00edan estar all\u00ed no aparecen, ya que &#8220;Super Mario&#8221; opt\u00f3 por pegar solamente la perteneciente a su persona.<\/p>\n<p style=\"text-align: justify;\">Mir\u00e1:<\/p>\n<p style=\"text-align: center;\"><a href=\"http:\/\/www.cordobatimes.com\/deportes\/wp-content\/uploads\/2014\/06\/Balotelli.jpg\"><img loading=\"lazy\" decoding=\"async\" class=\"size-full wp-image-15664 aligncenter\" alt=\"Balotelli\" src=\"http:\/\/www.cordobatimes.com\/deportes\/wp-content\/uploads\/2014\/06\/Balotelli.jpg\" width=\"480\" height=\"480\" data-id=\"15664\" srcset=\"https:\/\/www.cordobatimes.com\/deportes\/wp-content\/uploads\/2014\/06\/Balotelli.jpg 480w, https:\/\/www.cordobatimes.com\/deportes\/wp-content\/uploads\/2014\/06\/Balotelli-300x300.jpg 300w, https:\/\/www.cordobatimes.com\/deportes\/wp-content\/uploads\/2014\/06\/Balotelli-270x270.jpg 270w, https:\/\/www.cordobatimes.com\/deportes\/wp-content\/uploads\/2014\/06\/Balotelli-207x207.jpg 207w, https:\/\/www.cordobatimes.com\/deportes\/wp-content\/uploads\/2014\/06\/Balotelli-75x75.jpg 75w\" sizes=\"auto, (max-width: 480px) 100vw, 480px\" \/><\/a><\/p>\n","protected":false},"excerpt":{"rendered":"<p>Se sabe que al jugador del Mil\u00e1n le encanta hacer locuras. Esta vez, se encarg\u00f3 de completar el sector asignado para la Azzurra con stickers propios. Eso s\u00ed, dej\u00f3 la del escudo y la del plantel.\u00a0 Luego del gol que le permiti\u00f3 a los de Prandelli ganarles 2-1 a Inglaterra, Balotelli subi\u00f3 una imagen a [&hellip;]<\/p>\n","protected":false},"author":2,"featured_media":15665,"comment_status":"open","ping_status":"open","sticky":false,"template":"","format":"standard","meta":{"_seopress_robots_primary_cat":"","_seopress_titles_title":"","_seopress_titles_desc":"","_seopress_robots_index":"","footnotes":""},"categories":[2,22],"tags":[3269,263,533],"class_list":["post-15663","post","type-post","status-publish","format-standard","has-post-thumbnail","hentry","category-futbol","category-mundial-brasil-2014","tag-album-de-figuritas","tag-balotelli","tag-italia"],"_links":{"self":[{"href":"https:\/\/www.cordobatimes.com\/deportes\/wp-json\/wp\/v2\/posts\/15663","targetHints":{"allow":["GET"]}}],"collection":[{"href":"https:\/\/www.cordobatimes.com\/deportes\/wp-json\/wp\/v2\/posts"}],"about":[{"href":"https:\/\/www.cordobatimes.com\/deportes\/wp-json\/wp\/v2\/types\/post"}],"author":[{"embeddable":true,"href":"https:\/\/www.cordobatimes.com\/deportes\/wp-json\/wp\/v2\/users\/2"}],"replies":[{"embeddable":true,"href":"https:\/\/www.cordobatimes.com\/deportes\/wp-json\/wp\/v2\/comments?post=15663"}],"version-history":[{"count":0,"href":"https:\/\/www.cordobatimes.com\/deportes\/wp-json\/wp\/v2\/posts\/15663\/revisions"}],"wp:featuredmedia":[{"embeddable":true,"href":"https:\/\/www.cordobatimes.com\/deportes\/wp-json\/wp\/v2\/media\/15665"}],"wp:attachment":[{"href":"https:\/\/www.cordobatimes.com\/deportes\/wp-json\/wp\/v2\/media?parent=15663"}],"wp:term":[{"taxonomy":"category","embeddable":true,"href":"https:\/\/www.cordobatimes.com\/deportes\/wp-json\/wp\/v2\/categories?post=15663"},{"taxonomy":"post_tag","embeddable":true,"href":"https:\/\/www.cordobatimes.com\/deportes\/wp-json\/wp\/v2\/tags?post=15663"}],"curies":[{"name":"wp","href":"https:\/\/api.w.org\/{rel}","templated":true}]}}