{"id":15645,"date":"2014-06-17T12:23:00","date_gmt":"2014-06-17T15:23:00","guid":{"rendered":"http:\/\/www.cordobatimes.com\/deportes\/?p=15645"},"modified":"2019-03-27T01:35:23","modified_gmt":"2019-03-27T04:35:23","slug":"larrivey-llega-al-celta-de-vigo","status":"publish","type":"post","link":"https:\/\/www.cordobatimes.com\/deportes\/futbol\/2014\/06\/17\/larrivey-llega-al-celta-de-vigo\/","title":{"rendered":"Larrivey llega al Celta de Vigo"},"content":{"rendered":"<h3 style=\"text-align: justify;\"><strong>El ex Hurac\u00e1n y V\u00e9lez, de reciente paso por el Rayo Vallecano, firm\u00f3 por tres temporadas con el club de Bala\u00eddos. Ser\u00e1 dirigido por el tambi\u00e9n argentino Eduardo Berizzo.\u00a0<\/strong><\/h3>\n<p style=\"text-align: justify;\">Mientras el Mundial de Brasil sigue su curso, a lo largo del mundo el mercado de pases no da respiros. Tras la contrataci\u00f3n del &#8220;Toto&#8221; para conducir t\u00e1cticamente al conjunto celeste, otro compatriota se pondr\u00e1 la camiseta del Celta. Se trata del &#8220;Bati&#8221; Joaqu\u00edn Larrivey, que tuvo un buen campeonato en Vallecas.<\/p>\n<p style=\"text-align: justify;\">La instituci\u00f3n anunci\u00f3 el fichaje a trav\u00e9s de las redes sociales e hizo una menci\u00f3n a su trayector\u00eda futbol\u00edstica: &#8220;El nuevo delantero c\u00e9ltico posee una amplia experiencia en diversas Ligas y clubes como Hurac\u00e1n, Col\u00f3n de Santa Fe y V\u00e9lez en Argentina, Atlante en M\u00e9xico o Calgliari en Italia, adem\u00e1s de su exitoso paso reciente por la Liga BBVA y la docena de tantos anotados en 30 encuentros&#8221;.<\/p>\n<p style=\"text-align: justify;\">El v\u00ednculo contra\u00eddo se extender\u00e1 hasta el 30 de junio de 2017.<\/p>\n","protected":false},"excerpt":{"rendered":"<p>El ex Hurac\u00e1n y V\u00e9lez, de reciente paso por el Rayo Vallecano, firm\u00f3 por tres temporadas con el club de Bala\u00eddos. Ser\u00e1 dirigido por el tambi\u00e9n argentino Eduardo Berizzo.\u00a0 Mientras el Mundial de Brasil sigue su curso, a lo largo del mundo el mercado de pases no da respiros. Tras la contrataci\u00f3n del &#8220;Toto&#8221; para [&hellip;]<\/p>\n","protected":false},"author":2,"featured_media":15653,"comment_status":"open","ping_status":"open","sticky":false,"template":"","format":"standard","meta":{"_seopress_robots_primary_cat":"none","_seopress_titles_title":"","_seopress_titles_desc":"","_seopress_robots_index":"","footnotes":""},"categories":[2,18],"tags":[526,3138,301,3267,214],"class_list":{"0":"post-15645","1":"post","2":"type-post","3":"status-publish","4":"format-standard","5":"has-post-thumbnail","6":"hentry","7":"category-futbol","8":"category-futbol-internacional","9":"tag-hu","10":"tag-celta-de-vigo","12":"tag-larrivey","13":"tag-velez"},"_links":{"self":[{"href":"https:\/\/www.cordobatimes.com\/deportes\/wp-json\/wp\/v2\/posts\/15645","targetHints":{"allow":["GET"]}}],"collection":[{"href":"https:\/\/www.cordobatimes.com\/deportes\/wp-json\/wp\/v2\/posts"}],"about":[{"href":"https:\/\/www.cordobatimes.com\/deportes\/wp-json\/wp\/v2\/types\/post"}],"author":[{"embeddable":true,"href":"https:\/\/www.cordobatimes.com\/deportes\/wp-json\/wp\/v2\/users\/2"}],"replies":[{"embeddable":true,"href":"https:\/\/www.cordobatimes.com\/deportes\/wp-json\/wp\/v2\/comments?post=15645"}],"version-history":[{"count":0,"href":"https:\/\/www.cordobatimes.com\/deportes\/wp-json\/wp\/v2\/posts\/15645\/revisions"}],"wp:featuredmedia":[{"embeddable":true,"href":"https:\/\/www.cordobatimes.com\/deportes\/wp-json\/wp\/v2\/media\/15653"}],"wp:attachment":[{"href":"https:\/\/www.cordobatimes.com\/deportes\/wp-json\/wp\/v2\/media?parent=15645"}],"wp:term":[{"taxonomy":"category","embeddable":true,"href":"https:\/\/www.cordobatimes.com\/deportes\/wp-json\/wp\/v2\/categories?post=15645"},{"taxonomy":"post_tag","embeddable":true,"href":"https:\/\/www.cordobatimes.com\/deportes\/wp-json\/wp\/v2\/tags?post=15645"}],"curies":[{"name":"wp","href":"https:\/\/api.w.org\/{rel}","templated":true}]}}