{"id":15642,"date":"2014-06-17T11:16:22","date_gmt":"2014-06-17T14:16:22","guid":{"rendered":"http:\/\/www.cordobatimes.com\/deportes\/?p=15642"},"modified":"2014-06-17T11:16:22","modified_gmt":"2014-06-17T14:16:22","slug":"hugo-moyano-va-como-candidato-a-presidente-de-independiente","status":"publish","type":"post","link":"https:\/\/www.cordobatimes.com\/deportes\/futbol\/2014\/06\/17\/hugo-moyano-va-como-candidato-a-presidente-de-independiente\/","title":{"rendered":"Hugo Moyano va como candidato a presidente de Independiente"},"content":{"rendered":"<p style=\"text-align: center;\"><a href=\"http:\/\/www.cordobatimes.com\/deportes\/wp-content\/uploads\/2014\/06\/Moyano.jpg\"><img loading=\"lazy\" decoding=\"async\" class=\"size-full wp-image-15646 aligncenter\" alt=\"Moyano\" src=\"http:\/\/www.cordobatimes.com\/deportes\/wp-content\/uploads\/2014\/06\/Moyano.jpg\" width=\"681\" height=\"408\" data-id=\"15646\" srcset=\"https:\/\/www.cordobatimes.com\/deportes\/wp-content\/uploads\/2014\/06\/Moyano.jpg 681w, https:\/\/www.cordobatimes.com\/deportes\/wp-content\/uploads\/2014\/06\/Moyano-300x179.jpg 300w\" sizes=\"auto, (max-width: 681px) 100vw, 681px\" \/><\/a><\/p>\n<h3 style=\"text-align: justify;\"><b>El l\u00edder del Sindicato de Camioneros encabeza una de las listas que se presentaran a elecciones el 6 de julio en la entidad de Avellaneda.<\/b><\/h3>\n<p style=\"text-align: justify;\">\n<p style=\"text-align: justify;\">\n<p style=\"text-align: justify;\">Hugo Moyano, secretario General del Sindicato de los Camineros, ser\u00e1 candidato para presidir el Club Atl\u00e9tico Independiente, del cual es hincha, formando parte de la Agrupaci\u00f3n Independiente. Las mismas se llevaran a cabo el 6 de julio.<\/p>\n<p style=\"text-align: justify;\">Dicha lista estar\u00e1 integrada entre otros por Noray Nakis, dirigente de Deportivo Armenio y ex \u2013 encargados de las selecciones nacionales en la AFA, y Avelino Tamargo (diputado del PRO), como vicepresidentes primero y segundo. Tambi\u00e9n contara con el apoyo de su hijo Pablo, quien ira como uno de los vocales en la lista (vocal segundo).<\/p>\n<p style=\"text-align: justify;\">Las otras listas son: la hist\u00f3rica Lista Roja, conformada por Daniel Ferro como presidente, con Jorge Pena y Silvia Tiz\u00f3n como vicepresidentes primero y segundo respectivamente; y Movimiento Independiente, con Claudio Esp\u00f3sito a la cabeza, acompa\u00f1ado de Jorge Soriano y Juan Carlos Ingratta.<\/p>\n<p style=\"text-align: justify;\">Las elecciones se llevaran a cabo el domingo 6 de julio. Estas se adelantaron seis meses debido a la renuncia del ex \u2013 presidente Javier Cantero en abril.<\/p>\n","protected":false},"excerpt":{"rendered":"<p>El l\u00edder del Sindicato de Camioneros encabeza una de las listas que se presentaran a elecciones el 6 de julio en la entidad de Avellaneda. Hugo Moyano, secretario General del Sindicato de los Camineros, ser\u00e1 candidato para presidir el Club Atl\u00e9tico Independiente, del cual es hincha, formando parte de la Agrupaci\u00f3n Independiente. Las mismas se [&hellip;]<\/p>\n","protected":false},"author":15,"featured_media":15646,"comment_status":"open","ping_status":"open","sticky":false,"template":"","format":"standard","meta":{"_seopress_robots_primary_cat":"","_seopress_titles_title":"","_seopress_titles_desc":"","_seopress_robots_index":"","footnotes":""},"categories":[2,16],"tags":[3265,3264,65,3266],"class_list":["post-15642","post","type-post","status-publish","format-standard","has-post-thumbnail","hentry","category-futbol","category-primera-division","tag-elecciones-sindicato-de-camionero","tag-hugo-moyano","tag-independiente","tag-pablo-moyano"],"_links":{"self":[{"href":"https:\/\/www.cordobatimes.com\/deportes\/wp-json\/wp\/v2\/posts\/15642","targetHints":{"allow":["GET"]}}],"collection":[{"href":"https:\/\/www.cordobatimes.com\/deportes\/wp-json\/wp\/v2\/posts"}],"about":[{"href":"https:\/\/www.cordobatimes.com\/deportes\/wp-json\/wp\/v2\/types\/post"}],"author":[{"embeddable":true,"href":"https:\/\/www.cordobatimes.com\/deportes\/wp-json\/wp\/v2\/users\/15"}],"replies":[{"embeddable":true,"href":"https:\/\/www.cordobatimes.com\/deportes\/wp-json\/wp\/v2\/comments?post=15642"}],"version-history":[{"count":0,"href":"https:\/\/www.cordobatimes.com\/deportes\/wp-json\/wp\/v2\/posts\/15642\/revisions"}],"wp:featuredmedia":[{"embeddable":true,"href":"https:\/\/www.cordobatimes.com\/deportes\/wp-json\/wp\/v2\/media\/15646"}],"wp:attachment":[{"href":"https:\/\/www.cordobatimes.com\/deportes\/wp-json\/wp\/v2\/media?parent=15642"}],"wp:term":[{"taxonomy":"category","embeddable":true,"href":"https:\/\/www.cordobatimes.com\/deportes\/wp-json\/wp\/v2\/categories?post=15642"},{"taxonomy":"post_tag","embeddable":true,"href":"https:\/\/www.cordobatimes.com\/deportes\/wp-json\/wp\/v2\/tags?post=15642"}],"curies":[{"name":"wp","href":"https:\/\/api.w.org\/{rel}","templated":true}]}}