{"id":15637,"date":"2014-06-17T10:46:10","date_gmt":"2014-06-17T13:46:10","guid":{"rendered":"http:\/\/www.cordobatimes.com\/deportes\/?p=15637"},"modified":"2014-06-17T10:48:22","modified_gmt":"2014-06-17T13:48:22","slug":"talleres-ghiso-seguiria-frente-al-equipo","status":"publish","type":"post","link":"https:\/\/www.cordobatimes.com\/deportes\/futbol\/2014\/06\/17\/talleres-ghiso-seguiria-frente-al-equipo\/","title":{"rendered":"Talleres: Ghiso seguir\u00eda frente del equipo"},"content":{"rendered":"<p style=\"text-align: center;\"><a href=\"http:\/\/www.cordobatimes.com\/deportes\/wp-content\/uploads\/2014\/06\/Ghiso1.jpg\"><img loading=\"lazy\" decoding=\"async\" class=\"size-full wp-image-15638 aligncenter\" alt=\"Ghiso\" src=\"http:\/\/www.cordobatimes.com\/deportes\/wp-content\/uploads\/2014\/06\/Ghiso1.jpg\" width=\"700\" height=\"390\" data-id=\"15638\" srcset=\"https:\/\/www.cordobatimes.com\/deportes\/wp-content\/uploads\/2014\/06\/Ghiso1.jpg 700w, https:\/\/www.cordobatimes.com\/deportes\/wp-content\/uploads\/2014\/06\/Ghiso1-300x167.jpg 300w\" sizes=\"auto, (max-width: 700px) 100vw, 700px\" \/><\/a><\/p>\n<h3 style=\"text-align: justify;\"><b>Luego de algunas idas y vueltas, finalmente \u201cVitrola\u201d dirigir\u00eda al Matador en el Torneo Argentino A.<\/b><\/h3>\n<p style=\"text-align: justify;\">\n<p style=\"text-align: justify;\">Si bien todav\u00eda no es oficial, Jorge Ghiso continuar\u00eda en el cargo para dirigir a la \u201cT\u201d en la siguiente temporada (Argentino A). En un principio el Fondo de Inversi\u00f3n hab\u00eda mantenido charlas y reuniones con varios t\u00e9cnicos, pero ahora parece que Vitrola recuper\u00f3 posiciones y estar\u00eda cerca de ser nuevamente confirmado en el cargo.<\/p>\n<p style=\"text-align: justify;\">Una vez consumado el descenso, los integrantes del Fondo decidieron abrir el abanico y comenzaron a tantear otros entrenadores. Algunos de los que sonaron fuerte en barrio Jard\u00edn fueron: Diego Osella, Angel Hoyos, Iv\u00e1n Delfino, Sergio Coleoni, etc. Finalmente, en las \u00faltimas horas se filtr\u00f3 que Ghiso gano nuevos votos, por encima de Hoyos, y es quien m\u00e1s posibilidades tiene de hacerse con el puesto.<\/p>\n<p style=\"text-align: justify;\">En el transcurso de la semana se conocer\u00eda la resoluci\u00f3n del juez Silvestre respecto a la prolongaci\u00f3n del Fondo, y en caso de que la misma sea positiva, \u201cVitrola\u201d volver\u00eda a ser el DT. Recordemos que el plantel superior comenzar\u00e1 los entrenamientos el lunes pr\u00f3ximo, por lo que la cuesti\u00f3n del t\u00e9cnico pasa a ocupar un papel fundamental.<\/p>\n","protected":false},"excerpt":{"rendered":"<p>Luego de algunas idas y vueltas, finalmente \u201cVitrola\u201d dirigir\u00eda al Matador en el Torneo Argentino A. Si bien todav\u00eda no es oficial, Jorge Ghiso continuar\u00eda en el cargo para dirigir a la \u201cT\u201d en la siguiente temporada (Argentino A). En un principio el Fondo de Inversi\u00f3n hab\u00eda mantenido charlas y reuniones con varios t\u00e9cnicos, pero [&hellip;]<\/p>\n","protected":false},"author":15,"featured_media":15638,"comment_status":"open","ping_status":"open","sticky":false,"template":"","format":"standard","meta":{"_seopress_robots_primary_cat":"","_seopress_titles_title":"","_seopress_titles_desc":"","_seopress_robots_index":"","footnotes":""},"categories":[2],"tags":[2819,639,2616,3263,1048,40,2989],"class_list":["post-15637","post","type-post","status-publish","format-standard","has-post-thumbnail","hentry","category-futbol","tag-argentino-a","tag-fondo-de-inversion","tag-jorge-ghiso","tag-juez-silvestre","tag-rodrigo-escribano","tag-talleres","tag-vitrola-ghiso"],"_links":{"self":[{"href":"https:\/\/www.cordobatimes.com\/deportes\/wp-json\/wp\/v2\/posts\/15637","targetHints":{"allow":["GET"]}}],"collection":[{"href":"https:\/\/www.cordobatimes.com\/deportes\/wp-json\/wp\/v2\/posts"}],"about":[{"href":"https:\/\/www.cordobatimes.com\/deportes\/wp-json\/wp\/v2\/types\/post"}],"author":[{"embeddable":true,"href":"https:\/\/www.cordobatimes.com\/deportes\/wp-json\/wp\/v2\/users\/15"}],"replies":[{"embeddable":true,"href":"https:\/\/www.cordobatimes.com\/deportes\/wp-json\/wp\/v2\/comments?post=15637"}],"version-history":[{"count":0,"href":"https:\/\/www.cordobatimes.com\/deportes\/wp-json\/wp\/v2\/posts\/15637\/revisions"}],"wp:featuredmedia":[{"embeddable":true,"href":"https:\/\/www.cordobatimes.com\/deportes\/wp-json\/wp\/v2\/media\/15638"}],"wp:attachment":[{"href":"https:\/\/www.cordobatimes.com\/deportes\/wp-json\/wp\/v2\/media?parent=15637"}],"wp:term":[{"taxonomy":"category","embeddable":true,"href":"https:\/\/www.cordobatimes.com\/deportes\/wp-json\/wp\/v2\/categories?post=15637"},{"taxonomy":"post_tag","embeddable":true,"href":"https:\/\/www.cordobatimes.com\/deportes\/wp-json\/wp\/v2\/tags?post=15637"}],"curies":[{"name":"wp","href":"https:\/\/api.w.org\/{rel}","templated":true}]}}