{"id":15535,"date":"2014-06-14T22:33:15","date_gmt":"2014-06-15T01:33:15","guid":{"rendered":"http:\/\/www.cordobatimes.com\/deportes\/?p=15535"},"modified":"2014-06-14T22:33:15","modified_gmt":"2014-06-15T01:33:15","slug":"messi-envio-un-mensaje-a-los-argentinos-antes-del-debut","status":"publish","type":"post","link":"https:\/\/www.cordobatimes.com\/deportes\/futbol\/2014\/06\/14\/messi-envio-un-mensaje-a-los-argentinos-antes-del-debut\/","title":{"rendered":"Messi envi\u00f3 un mensaje a los argentinos antes del debut"},"content":{"rendered":"<p><strong>\u00a0<\/strong><a href=\"http:\/\/www.cordobatimes.com\/deportes\/wp-content\/uploads\/2014\/06\/messi.jpg\"><img loading=\"lazy\" decoding=\"async\" class=\"size-full wp-image-15175 aligncenter\" alt=\"El Crack Argentino hizo el segundo de la selecci\u00f3n.  Foto: AFP \" src=\"http:\/\/www.cordobatimes.com\/deportes\/wp-content\/uploads\/2014\/06\/messi.jpg\" width=\"620\" height=\"413\" data-id=\"15175\" srcset=\"https:\/\/www.cordobatimes.com\/deportes\/wp-content\/uploads\/2014\/06\/messi.jpg 620w, https:\/\/www.cordobatimes.com\/deportes\/wp-content\/uploads\/2014\/06\/messi-300x199.jpg 300w\" sizes=\"auto, (max-width: 620px) 100vw, 620px\" \/><\/a><\/p>\n<h3 style=\"text-align: justify;\"><strong>El capit\u00e1n de la Selecci\u00f3n argentina,\u00a0Lionel Messi, dej\u00f3 un mensaje en Facebook en nombre del equipo, en la previa del debut mundialista frente a Bosnia: &#8220;\u00a1Vamos por todo!&#8221;.<\/strong><\/h3>\n<p>&nbsp;<\/p>\n<p>&#8220;Con muchas ganas de jugar en el gran Maracan\u00e1 por primera vez en mi vida y de empezar con buen pie el Mundial&#8221;, afirm\u00f3 Messi, quien afrontar\u00e1 su tercera Copa del Mundo.<\/p>\n<p>Entre las competencias de Alemania 2006 y Sud\u00e1frica 2010,\u00a0el rosarino jug\u00f3 ocho partidos e hizo s\u00f3lo un gol, ante Serbia y Montenegro, en su estreno mundialista.<\/p>\n<p>Ese d\u00eda, un 16 de junio, empez\u00f3 en el banco de suplentes e ingres\u00f3 por Maximiliano Rodr\u00edguez a los 27 minutos del segundo tiempo, cuando el parcial era 3-0, y el resultado final fue 6-0.<\/p>\n<p>&nbsp;<\/p>\n<div id=\"fb-root\"><\/div>\n<p><script type=\"text\/javascript\">\/\/ <![CDATA[\n(function(d, s, id) { var js, fjs = d.getElementsByTagName(s)[0]; if (d.getElementById(id)) return; js = d.createElement(s); js.id = id; js.src = \"\/\/connect.facebook.net\/es_ES\/all.js#xfbml=1\"; fjs.parentNode.insertBefore(js, fjs); }(document, 'script', 'facebook-jssdk'));\n\/\/ ]]><\/script><\/p>\n<div class=\"fb-post\" data-href=\"https:\/\/www.facebook.com\/LeoMessi\/photos\/a.301943896491878.81719.176063032413299\/816299401722989\/?type=1\" data-width=\"466\">\n<div class=\"fb-xfbml-parse-ignore\"><a href=\"https:\/\/www.facebook.com\/LeoMessi\/photos\/a.301943896491878.81719.176063032413299\/816299401722989\/?type=1\">una publicaci\u00f3n<\/a> de <a href=\"https:\/\/www.facebook.com\/LeoMessi\">Leo Messi<\/a>.<\/div>\n<\/div>\n","protected":false},"excerpt":{"rendered":"<p>\u00a0 El capit\u00e1n de la Selecci\u00f3n argentina,\u00a0Lionel Messi, dej\u00f3 un mensaje en Facebook en nombre del equipo, en la previa del debut mundialista frente a Bosnia: &#8220;\u00a1Vamos por todo!&#8221;. &nbsp; &#8220;Con muchas ganas de jugar en el gran Maracan\u00e1 por primera vez en mi vida y de empezar con buen pie el Mundial&#8221;, afirm\u00f3 Messi, [&hellip;]<\/p>\n","protected":false},"author":1,"featured_media":15175,"comment_status":"open","ping_status":"open","sticky":false,"template":"","format":"standard","meta":{"_seopress_robots_primary_cat":"","_seopress_titles_title":"","_seopress_titles_desc":"","_seopress_robots_index":"","footnotes":""},"categories":[2,22],"tags":[3246,3247,3245,183],"class_list":["post-15535","post","type-post","status-publish","format-standard","has-post-thumbnail","hentry","category-futbol","category-mundial-brasil-2014","tag-argentina-bosnia","tag-facebook","tag-mensaje-de-messi-a-los-argentinos","tag-twitter"],"_links":{"self":[{"href":"https:\/\/www.cordobatimes.com\/deportes\/wp-json\/wp\/v2\/posts\/15535","targetHints":{"allow":["GET"]}}],"collection":[{"href":"https:\/\/www.cordobatimes.com\/deportes\/wp-json\/wp\/v2\/posts"}],"about":[{"href":"https:\/\/www.cordobatimes.com\/deportes\/wp-json\/wp\/v2\/types\/post"}],"author":[{"embeddable":true,"href":"https:\/\/www.cordobatimes.com\/deportes\/wp-json\/wp\/v2\/users\/1"}],"replies":[{"embeddable":true,"href":"https:\/\/www.cordobatimes.com\/deportes\/wp-json\/wp\/v2\/comments?post=15535"}],"version-history":[{"count":0,"href":"https:\/\/www.cordobatimes.com\/deportes\/wp-json\/wp\/v2\/posts\/15535\/revisions"}],"wp:featuredmedia":[{"embeddable":true,"href":"https:\/\/www.cordobatimes.com\/deportes\/wp-json\/wp\/v2\/media\/15175"}],"wp:attachment":[{"href":"https:\/\/www.cordobatimes.com\/deportes\/wp-json\/wp\/v2\/media?parent=15535"}],"wp:term":[{"taxonomy":"category","embeddable":true,"href":"https:\/\/www.cordobatimes.com\/deportes\/wp-json\/wp\/v2\/categories?post=15535"},{"taxonomy":"post_tag","embeddable":true,"href":"https:\/\/www.cordobatimes.com\/deportes\/wp-json\/wp\/v2\/tags?post=15535"}],"curies":[{"name":"wp","href":"https:\/\/api.w.org\/{rel}","templated":true}]}}