{"id":15441,"date":"2014-06-13T14:00:20","date_gmt":"2014-06-13T17:00:20","guid":{"rendered":"http:\/\/www.cordobatimes.com\/deportes\/?p=15441"},"modified":"2014-06-13T17:31:04","modified_gmt":"2014-06-13T20:31:04","slug":"quien-dirigira-el-debut-de-argentina","status":"publish","type":"post","link":"https:\/\/www.cordobatimes.com\/deportes\/futbol\/2014\/06\/13\/quien-dirigira-el-debut-de-argentina\/","title":{"rendered":"\u00bfQuien dirigir\u00e1 el debut de Argentina?"},"content":{"rendered":"<p style=\"text-align: center;\"><a href=\"http:\/\/www.cordobatimes.com\/deportes\/wp-content\/uploads\/2014\/06\/Aguilar.jpg\"><img loading=\"lazy\" decoding=\"async\" class=\"size-full wp-image-15442 aligncenter\" alt=\"Aguilar\" src=\"http:\/\/www.cordobatimes.com\/deportes\/wp-content\/uploads\/2014\/06\/Aguilar.jpg\" width=\"630\" height=\"400\" data-id=\"15442\" srcset=\"https:\/\/www.cordobatimes.com\/deportes\/wp-content\/uploads\/2014\/06\/Aguilar.jpg 630w, https:\/\/www.cordobatimes.com\/deportes\/wp-content\/uploads\/2014\/06\/Aguilar-300x190.jpg 300w\" sizes=\"auto, (max-width: 630px) 100vw, 630px\" \/><\/a><\/p>\n<h3 style=\"text-align: justify;\"><b>Argentina debutar\u00e1 el domingo a las 19 ante Bosnia con el arbitraje del salvadore\u00f1o Joel Aguilar, quien ya dirigi\u00f3 a la selecci\u00f3n en 2008, en un amistoso ante Estados Unidos. Ese d\u00eda expuls\u00f3 a Mascherano.<\/b><\/h3>\n<p style=\"text-align: justify;\">\n<p style=\"text-align: justify;\">Joel Aguilar, nacido en El Salvador, ser\u00e1 el encargado de impartir justicia en el comienzo argentino en la Copa del Mundo Brasil 2014. El mismo ser\u00e1 frente a Bosnia el domingo a las 19 en el m\u00edtico Estadio Maracan\u00e1 de Rio de Janeiro, en un choque v\u00e1lido por el Grupo F.<\/p>\n<p style=\"text-align: justify;\">El \u00e1rbitro, de 38 a\u00f1os, ya dirigi\u00f3 a Argentina en el 2008, cuando se hizo cargo de un amistoso frente a Estados Unidos y expuls\u00f3 a Javier Mascherano. \u00a0Adem\u00e1s, estuvo en las finales de la Copa de Oro 2011 y 2013, y en los mundiales Sub 17 de Corea del Sur (2007), y Sub 20 de Canad\u00e1 en 2007 y Egipto 2009.<\/p>\n","protected":false},"excerpt":{"rendered":"<p>Argentina debutar\u00e1 el domingo a las 19 ante Bosnia con el arbitraje del salvadore\u00f1o Joel Aguilar, quien ya dirigi\u00f3 a la selecci\u00f3n en 2008, en un amistoso ante Estados Unidos. Ese d\u00eda expuls\u00f3 a Mascherano. Joel Aguilar, nacido en El Salvador, ser\u00e1 el encargado de impartir justicia en el comienzo argentino en la Copa del [&hellip;]<\/p>\n","protected":false},"author":15,"featured_media":15442,"comment_status":"open","ping_status":"open","sticky":false,"template":"","format":"standard","meta":{"_seopress_robots_primary_cat":"","_seopress_titles_title":"","_seopress_titles_desc":"","_seopress_robots_index":"","footnotes":""},"categories":[2,22],"tags":[26,693,1452,108,3237,571],"class_list":["post-15441","post","type-post","status-publish","format-standard","has-post-thumbnail","hentry","category-futbol","category-mundial-brasil-2014","tag-argentina","tag-bosnia","tag-debut","tag-fifa","tag-joel-aguilar","tag-mundial-brasil-2014-2"],"_links":{"self":[{"href":"https:\/\/www.cordobatimes.com\/deportes\/wp-json\/wp\/v2\/posts\/15441","targetHints":{"allow":["GET"]}}],"collection":[{"href":"https:\/\/www.cordobatimes.com\/deportes\/wp-json\/wp\/v2\/posts"}],"about":[{"href":"https:\/\/www.cordobatimes.com\/deportes\/wp-json\/wp\/v2\/types\/post"}],"author":[{"embeddable":true,"href":"https:\/\/www.cordobatimes.com\/deportes\/wp-json\/wp\/v2\/users\/15"}],"replies":[{"embeddable":true,"href":"https:\/\/www.cordobatimes.com\/deportes\/wp-json\/wp\/v2\/comments?post=15441"}],"version-history":[{"count":0,"href":"https:\/\/www.cordobatimes.com\/deportes\/wp-json\/wp\/v2\/posts\/15441\/revisions"}],"wp:featuredmedia":[{"embeddable":true,"href":"https:\/\/www.cordobatimes.com\/deportes\/wp-json\/wp\/v2\/media\/15442"}],"wp:attachment":[{"href":"https:\/\/www.cordobatimes.com\/deportes\/wp-json\/wp\/v2\/media?parent=15441"}],"wp:term":[{"taxonomy":"category","embeddable":true,"href":"https:\/\/www.cordobatimes.com\/deportes\/wp-json\/wp\/v2\/categories?post=15441"},{"taxonomy":"post_tag","embeddable":true,"href":"https:\/\/www.cordobatimes.com\/deportes\/wp-json\/wp\/v2\/tags?post=15441"}],"curies":[{"name":"wp","href":"https:\/\/api.w.org\/{rel}","templated":true}]}}