{"id":15403,"date":"2014-06-12T19:08:24","date_gmt":"2014-06-12T22:08:24","guid":{"rendered":"http:\/\/www.cordobatimes.com\/deportes\/?p=15403"},"modified":"2019-03-27T01:20:27","modified_gmt":"2019-03-27T04:20:27","slug":"brasil-y-croacia-abren-el-mundial","status":"publish","type":"post","link":"https:\/\/www.cordobatimes.com\/deportes\/futbol\/2014\/06\/12\/brasil-y-croacia-abren-el-mundial\/","title":{"rendered":"Con arbitraje dudoso, Brasil gan\u00f3 en el partido inaugural del Mundial"},"content":{"rendered":"<h3 style=\"text-align: justify;\"><b>En un partido vibrante, el equipo local se impuso por 3 a 1 ante Croacia en la apertura de la Copa del Mundo, en el estadio Arena de San Pablo. Los goles los marcaron Marcelo en contra, Neymar por duplicado y Oscar. El \u00e1rbitro cobr\u00f3 un penal inexistente para los anfitriones que les dio el empate transitorio.<\/b><\/h3>\n<p style=\"text-align: justify;\">Finalizada la ceremonia de apertura, la &#8220;verdeamarela&#8221; se midi\u00f3 con Croacia en el partido inaugural del Mundial de Brasil 2014, v\u00e1lido por el Grupo A. Con m\u00e1s dudas que certezas, finalmente el conjunto local logr\u00f3 dar vuelta el resultado e imponerse por 3 a 1, en el estadio Arena del Corinthians, en la ciudad de San Pablo.<\/p>\n<p style=\"text-align: justify;\">Los anfitriones comenzaron abajo en el marcador, luego de que Marcelo marcara en contra de su propia valla, a tan solo 11 minutos de haber comenzado el encuentro. Los dirigidos por Scolari no encontraban su juego, a pesar de que llegaban al arco rival y manejaban la pelota, y se toparon con un equipo croata muy fuerte que le jug\u00f3 de igual a igual, poniendo varias veces en jaque a la defensa carioca.<\/p>\n<p style=\"text-align: justify;\">Sin embargo, llegar\u00eda la salvaci\u00f3n de los locales en los pies de su figura Neymar, quien aparecer\u00eda a los 29 minutos para igualar la historia con un zurdazo cruzado, imposible para el portero europeo. As\u00ed se ir\u00edan al entretiempo 1-1.<\/p>\n<p style=\"text-align: justify;\">En el segundo tiempo fue casi todo de los brasileros, pero no lograban vencer nuevamente la valla rival. El momento clave y pol\u00e9mico del partido llegar\u00eda a 20 del final, cuando el \u00e1rbitro japon\u00e9s Yuichi Nishimura cobr\u00f3 un penal inexistente sobre Fred, que nuevamente Neymar cambiar\u00eda por gol.<\/p>\n<p style=\"text-align: justify;\">Con pocas armas Croacia intent\u00f3 como pudo y tuvo algunas chances que convirtieron a Julio C\u00e9sar en figura, pero nunca lograron sobreponerse al segundo tanto. Cuando se acababa el tiempo, Oscar encontr\u00f3 una pelota pasando mitad de cancha y a pura velocidad super\u00f3 la \u00faltima l\u00ednea croata definiendo con un &#8220;puntazo&#8221;, para sellar el resultado y la victoria brasilera.<\/p>\n<p style=\"text-align: justify;\">El combinado de Kovac hizo todo lo necesario y mereci\u00f3 llevarse alg\u00fan punto en San Pablo, pero por un error del \u00e1rbitro y la presencia del 10 brasile\u00f1o, se fue con las manos vac\u00edas. Mientras que la actuaci\u00f3n del pentacampe\u00f3n sembr\u00f3 muchas inceridumbres y mostr\u00f3 poca solidez, tanto en ataque como en defensa, a pesar de contar con jugadores de primer nivel internacional.<\/p>\n<p style=\"text-align: justify;\">En la pr\u00f3xima fecha a Brasil le tocar\u00e1 enfrentar M\u00e9xico, el pr\u00f3ximo martes, y deber\u00e1 mejorar su rendimiento si quiere hacerse fuerte en su casa. Por su parte Croacia se medir\u00e1 con Camer\u00fan, sabiendo que si juega como hoy tendr\u00e1 muchas chances de lograr un resultado positivo y so\u00f1ar con la clasificaci\u00f3n.<\/p>\n<p style=\"text-align: justify;\"><b><span style=\"text-decoration: underline;\">Formaciones:<\/span><\/b><\/p>\n<p style=\"text-align: justify;\"><b>Brasil: <\/b>Julio C\u00e9sar; Dani Alves, Thiago Silva, David Luiz, Marcelo; Paulinho, Luiz Gustavo, Oscar; Hulk , Fred y Neymar<b>. DT: <\/b>Luiz Scolari<\/p>\n<p style=\"text-align: justify;\"><b>Croacia: <\/b>Stipe Pletikosa; Darijo Srna, Vedr\u00e1n Corluka, Dejan Lovren, Sime Vrsalko; Luka Modric, Ivan Rakitic, Ivan Perisic, Mateo Kovacic; Ivica Olic y Nikica Jelavic. <b>DT: <\/b>Nico Kovac<\/p>\n<p>&nbsp;<\/p>\n<p><iframe loading=\"lazy\" src=\"\/\/www.youtube.com\/embed\/SCX5zAKV-RU?list=PL2OrT0XI8VvyBMkM-DCcS8pzJItoXFLG2\" width=\"560\" height=\"315\" frameborder=\"0\" allowfullscreen=\"allowfullscreen\"><\/iframe><\/p>\n","protected":false},"excerpt":{"rendered":"<p>En un partido vibrante, el equipo local se impuso por 3 a 1 ante Croacia en la apertura de la Copa del Mundo, en el estadio Arena de San Pablo. Los goles los marcaron Marcelo en contra, Neymar por duplicado y Oscar. El \u00e1rbitro cobr\u00f3 un penal inexistente para los anfitriones que les dio el [&hellip;]<\/p>\n","protected":false},"author":5,"featured_media":12237,"comment_status":"open","ping_status":"open","sticky":false,"template":"","format":"standard","meta":{"_seopress_robots_primary_cat":"none","_seopress_titles_title":"","_seopress_titles_desc":"","_seopress_robots_index":"","footnotes":""},"categories":[2,22],"tags":[3229,125,704,577,244,459],"class_list":["post-15403","post","type-post","status-publish","format-standard","has-post-thumbnail","hentry","category-futbol","category-mundial-brasil-2014","tag-apertura","tag-brasil","tag-croacia","tag-mundial-2014","tag-neymar","tag-san-pablo"],"_links":{"self":[{"href":"https:\/\/www.cordobatimes.com\/deportes\/wp-json\/wp\/v2\/posts\/15403","targetHints":{"allow":["GET"]}}],"collection":[{"href":"https:\/\/www.cordobatimes.com\/deportes\/wp-json\/wp\/v2\/posts"}],"about":[{"href":"https:\/\/www.cordobatimes.com\/deportes\/wp-json\/wp\/v2\/types\/post"}],"author":[{"embeddable":true,"href":"https:\/\/www.cordobatimes.com\/deportes\/wp-json\/wp\/v2\/users\/5"}],"replies":[{"embeddable":true,"href":"https:\/\/www.cordobatimes.com\/deportes\/wp-json\/wp\/v2\/comments?post=15403"}],"version-history":[{"count":0,"href":"https:\/\/www.cordobatimes.com\/deportes\/wp-json\/wp\/v2\/posts\/15403\/revisions"}],"wp:featuredmedia":[{"embeddable":true,"href":"https:\/\/www.cordobatimes.com\/deportes\/wp-json\/wp\/v2\/media\/12237"}],"wp:attachment":[{"href":"https:\/\/www.cordobatimes.com\/deportes\/wp-json\/wp\/v2\/media?parent=15403"}],"wp:term":[{"taxonomy":"category","embeddable":true,"href":"https:\/\/www.cordobatimes.com\/deportes\/wp-json\/wp\/v2\/categories?post=15403"},{"taxonomy":"post_tag","embeddable":true,"href":"https:\/\/www.cordobatimes.com\/deportes\/wp-json\/wp\/v2\/tags?post=15403"}],"curies":[{"name":"wp","href":"https:\/\/api.w.org\/{rel}","templated":true}]}}