{"id":15395,"date":"2014-06-12T12:55:49","date_gmt":"2014-06-12T15:55:49","guid":{"rendered":"http:\/\/www.cordobatimes.com\/deportes\/?p=15395"},"modified":"2014-06-12T12:55:49","modified_gmt":"2014-06-12T15:55:49","slug":"belgrano-la-comision-directiva-aprobo-la-ampliacion-del-estadio","status":"publish","type":"post","link":"https:\/\/www.cordobatimes.com\/deportes\/futbol\/2014\/06\/12\/belgrano-la-comision-directiva-aprobo-la-ampliacion-del-estadio\/","title":{"rendered":"Belgrano: la comisi\u00f3n directiva aprob\u00f3 la ampliaci\u00f3n del estadio"},"content":{"rendered":"<p style=\"text-align: center;\"><a href=\"http:\/\/www.cordobatimes.com\/deportes\/wp-content\/uploads\/2014\/06\/Alberdi.jpg\"><img loading=\"lazy\" decoding=\"async\" class=\"size-full wp-image-15396 aligncenter\" alt=\"Alberdi\" src=\"http:\/\/www.cordobatimes.com\/deportes\/wp-content\/uploads\/2014\/06\/Alberdi.jpg\" width=\"700\" height=\"440\" data-id=\"15396\" srcset=\"https:\/\/www.cordobatimes.com\/deportes\/wp-content\/uploads\/2014\/06\/Alberdi.jpg 700w, https:\/\/www.cordobatimes.com\/deportes\/wp-content\/uploads\/2014\/06\/Alberdi-300x188.jpg 300w\" sizes=\"auto, (max-width: 700px) 100vw, 700px\" \/><\/a><\/p>\n<h3 style=\"text-align: justify;\"><b>La comisi\u00f3n Pirata aprob\u00f3 el proyecto de remodelaci\u00f3n del Gigante de Alberdi que le dar\u00e1 una capacidad de 30.000 personas.<\/b><\/h3>\n<p style=\"text-align: justify;\">\n<p style=\"text-align: justify;\">\n<p style=\"text-align: justify;\">En su \u00faltima reuni\u00f3n, la Comisi\u00f3n Directiva del Club Atl\u00e9tico Belgrano decidi\u00f3 por votaci\u00f3n un\u00e1nime encargar al estudio AFT Arquitectos el proyecto de reforma y ampliaci\u00f3n del Estadio Julio C\u00e9sar Villagra.<\/p>\n<p style=\"text-align: justify;\">Una vez concretado, se cumplir\u00e1 uno de los m\u00e1ximos proyectos prometidos por el presidente Armando P\u00e9rez. Tal anunci\u00f3 sali\u00f3 a la luz en la \u00faltima Asamblea General Ordinaria. En la misma, y ante la ausencia de listas opositoras, los socios decidieron ratificar la gesti\u00f3n de P\u00e9rez por 3 a\u00f1os m\u00e1s.<\/p>\n<p style=\"text-align: justify;\">Entre lo m\u00e1s sobresaliente debemos decir que esta remodelaci\u00f3n brindara un aumento de la capacidad de aproximadamente 10.000 espectadores, por lo que ser\u00e1n unos 30.000 los que puedan ingresar al estadio.<\/p>\n<p style=\"text-align: justify;\">Respecto a los refuerzos para la pr\u00f3xima temporada, se supo que el Celeste quiere hacerse con los servicios de Dami\u00e1n Schmidt, defensor de Instituto Atl\u00e9tico Central C\u00f3rdoba, quien tuvo un rendimiento muy alto en la segunda mitad del Torneo Nacional B. Por otro lado, quedaron descartados los regresos de Sergio Rodr\u00edguez y Claudio \u201cChiqui\u201d P\u00e9rez, actual defensor de Boca, quien percibe un salario muy superior al que puede hacer frente el Pirata.<\/p>\n","protected":false},"excerpt":{"rendered":"<p>La comisi\u00f3n Pirata aprob\u00f3 el proyecto de remodelaci\u00f3n del Gigante de Alberdi que le dar\u00e1 una capacidad de 30.000 personas. En su \u00faltima reuni\u00f3n, la Comisi\u00f3n Directiva del Club Atl\u00e9tico Belgrano decidi\u00f3 por votaci\u00f3n un\u00e1nime encargar al estudio AFT Arquitectos el proyecto de reforma y ampliaci\u00f3n del Estadio Julio C\u00e9sar Villagra. Una vez concretado, se [&hellip;]<\/p>\n","protected":false},"author":15,"featured_media":15396,"comment_status":"open","ping_status":"open","sticky":false,"template":"","format":"standard","meta":{"_seopress_robots_primary_cat":"","_seopress_titles_title":"","_seopress_titles_desc":"","_seopress_robots_index":"","footnotes":""},"categories":[2,16],"tags":[1072,37,3231,1938,3232,3079],"class_list":["post-15395","post","type-post","status-publish","format-standard","has-post-thumbnail","hentry","category-futbol","category-primera-division","tag-armando-perez","tag-belgrano","tag-comision-directiva","tag-estadio","tag-gigante-de-alberdi","tag-pirata"],"_links":{"self":[{"href":"https:\/\/www.cordobatimes.com\/deportes\/wp-json\/wp\/v2\/posts\/15395","targetHints":{"allow":["GET"]}}],"collection":[{"href":"https:\/\/www.cordobatimes.com\/deportes\/wp-json\/wp\/v2\/posts"}],"about":[{"href":"https:\/\/www.cordobatimes.com\/deportes\/wp-json\/wp\/v2\/types\/post"}],"author":[{"embeddable":true,"href":"https:\/\/www.cordobatimes.com\/deportes\/wp-json\/wp\/v2\/users\/15"}],"replies":[{"embeddable":true,"href":"https:\/\/www.cordobatimes.com\/deportes\/wp-json\/wp\/v2\/comments?post=15395"}],"version-history":[{"count":0,"href":"https:\/\/www.cordobatimes.com\/deportes\/wp-json\/wp\/v2\/posts\/15395\/revisions"}],"wp:featuredmedia":[{"embeddable":true,"href":"https:\/\/www.cordobatimes.com\/deportes\/wp-json\/wp\/v2\/media\/15396"}],"wp:attachment":[{"href":"https:\/\/www.cordobatimes.com\/deportes\/wp-json\/wp\/v2\/media?parent=15395"}],"wp:term":[{"taxonomy":"category","embeddable":true,"href":"https:\/\/www.cordobatimes.com\/deportes\/wp-json\/wp\/v2\/categories?post=15395"},{"taxonomy":"post_tag","embeddable":true,"href":"https:\/\/www.cordobatimes.com\/deportes\/wp-json\/wp\/v2\/tags?post=15395"}],"curies":[{"name":"wp","href":"https:\/\/api.w.org\/{rel}","templated":true}]}}