{"id":15392,"date":"2014-06-12T12:27:10","date_gmt":"2014-06-12T15:27:10","guid":{"rendered":"http:\/\/www.cordobatimes.com\/deportes\/?p=15392"},"modified":"2014-06-12T12:27:10","modified_gmt":"2014-06-12T15:27:10","slug":"instituto-miliki-seguira-como-dt","status":"publish","type":"post","link":"https:\/\/www.cordobatimes.com\/deportes\/futbol\/2014\/06\/12\/instituto-miliki-seguira-como-dt\/","title":{"rendered":"Instituto: Miliki seguir\u00e1 como DT"},"content":{"rendered":"<p style=\"text-align: center;\"><a href=\"http:\/\/www.cordobatimes.com\/deportes\/wp-content\/uploads\/2014\/06\/Jimenez.jpg\"><img loading=\"lazy\" decoding=\"async\" class=\"size-full wp-image-15393 aligncenter\" alt=\"Jimenez\" src=\"http:\/\/www.cordobatimes.com\/deportes\/wp-content\/uploads\/2014\/06\/Jimenez.jpg\" width=\"770\" height=\"433\" data-id=\"15393\" srcset=\"https:\/\/www.cordobatimes.com\/deportes\/wp-content\/uploads\/2014\/06\/Jimenez.jpg 770w, https:\/\/www.cordobatimes.com\/deportes\/wp-content\/uploads\/2014\/06\/Jimenez-300x168.jpg 300w\" sizes=\"auto, (max-width: 770px) 100vw, 770px\" \/><\/a><\/p>\n<h3 style=\"text-align: justify;\"><b>El entrenador arregl\u00f3 su continuidad con la instituci\u00f3n de Alta C\u00f3rdoba por dos a\u00f1os m\u00e1s. Se va Vismara.<\/b><\/h3>\n<p style=\"text-align: justify;\">\n<p style=\"text-align: justify;\">\n<p style=\"text-align: justify;\">La dirigencia gloriosa encabezada por Ricardo Morellato acord\u00f3 anoche la extensi\u00f3n del v\u00ednculo entre Daniel Jim\u00e9nez e Instituto por dos a\u00f1os m\u00e1s. Lo mismo pasar\u00e1 con Oscar \u201cCocayo\u201d Dertycia, ayudante de campo de Miliki, y Roberto Ju\u00e1rez, preparador f\u00edsico.<\/p>\n<p style=\"text-align: justify;\">En la reuni\u00f3n, la comisi\u00f3n directiva analiz\u00f3 en conjunto con Jim\u00e9nez el nombre de los posibles refuerzos, los que se podr\u00edan quedar, y aquellos que se marcharan. En este \u00faltimo grupo podemos ubicar a Federico Vismara, quien casi con seguridad se vaya de Instituto debido a que su alto contrato no encuadra con el presupuesto aprobado por tesorer\u00eda.<\/p>\n<p style=\"text-align: justify;\">Por otra parte, Julio Moreyra se transform\u00f3 anoche en el primer jugador en renovar con el club de Alta C\u00f3rdoba. El \u201cIndio\u201d, quien lleg\u00f3 a principios del 2014 (gesti\u00f3n Daniel Peralta), extendi\u00f3 su contrato hasta diciembre de 2015. Tambi\u00e9n se supo que todav\u00eda no hubo ofertas formales por Dami\u00e1n Schmidt ni por Julio Chiarini.<\/p>\n","protected":false},"excerpt":{"rendered":"<p>El entrenador arregl\u00f3 su continuidad con la instituci\u00f3n de Alta C\u00f3rdoba por dos a\u00f1os m\u00e1s. Se va Vismara. La dirigencia gloriosa encabezada por Ricardo Morellato acord\u00f3 anoche la extensi\u00f3n del v\u00ednculo entre Daniel Jim\u00e9nez e Instituto por dos a\u00f1os m\u00e1s. Lo mismo pasar\u00e1 con Oscar \u201cCocayo\u201d Dertycia, ayudante de campo de Miliki, y Roberto Ju\u00e1rez, [&hellip;]<\/p>\n","protected":false},"author":15,"featured_media":15393,"comment_status":"open","ping_status":"open","sticky":false,"template":"","format":"standard","meta":{"_seopress_robots_primary_cat":"","_seopress_titles_title":"","_seopress_titles_desc":"","_seopress_robots_index":"","footnotes":""},"categories":[2,17],"tags":[34,3230,35,2033,617,1925],"class_list":["post-15392","post","type-post","status-publish","format-standard","has-post-thumbnail","hentry","category-futbol","category-nacional-b","tag-b-nacional","tag-federico-vismara","tag-instituto","tag-miliki-jimenez","tag-renovacion-de-contrato","tag-ricardo-morellato"],"_links":{"self":[{"href":"https:\/\/www.cordobatimes.com\/deportes\/wp-json\/wp\/v2\/posts\/15392","targetHints":{"allow":["GET"]}}],"collection":[{"href":"https:\/\/www.cordobatimes.com\/deportes\/wp-json\/wp\/v2\/posts"}],"about":[{"href":"https:\/\/www.cordobatimes.com\/deportes\/wp-json\/wp\/v2\/types\/post"}],"author":[{"embeddable":true,"href":"https:\/\/www.cordobatimes.com\/deportes\/wp-json\/wp\/v2\/users\/15"}],"replies":[{"embeddable":true,"href":"https:\/\/www.cordobatimes.com\/deportes\/wp-json\/wp\/v2\/comments?post=15392"}],"version-history":[{"count":0,"href":"https:\/\/www.cordobatimes.com\/deportes\/wp-json\/wp\/v2\/posts\/15392\/revisions"}],"wp:featuredmedia":[{"embeddable":true,"href":"https:\/\/www.cordobatimes.com\/deportes\/wp-json\/wp\/v2\/media\/15393"}],"wp:attachment":[{"href":"https:\/\/www.cordobatimes.com\/deportes\/wp-json\/wp\/v2\/media?parent=15392"}],"wp:term":[{"taxonomy":"category","embeddable":true,"href":"https:\/\/www.cordobatimes.com\/deportes\/wp-json\/wp\/v2\/categories?post=15392"},{"taxonomy":"post_tag","embeddable":true,"href":"https:\/\/www.cordobatimes.com\/deportes\/wp-json\/wp\/v2\/tags?post=15392"}],"curies":[{"name":"wp","href":"https:\/\/api.w.org\/{rel}","templated":true}]}}