{"id":15377,"date":"2014-06-11T20:58:44","date_gmt":"2014-06-11T23:58:44","guid":{"rendered":"http:\/\/www.cordobatimes.com\/deportes\/?p=15377"},"modified":"2014-06-11T20:58:44","modified_gmt":"2014-06-11T23:58:44","slug":"talleres-quiere-retener-a-barrionuevo","status":"publish","type":"post","link":"https:\/\/www.cordobatimes.com\/deportes\/futbol\/2014\/06\/11\/talleres-quiere-retener-a-barrionuevo\/","title":{"rendered":"Talleres quiere retener a Barrionuevo"},"content":{"rendered":"<p style=\"text-align: center;\"><a href=\"http:\/\/www.cordobatimes.com\/deportes\/wp-content\/uploads\/2014\/06\/Barrionuevo.jpg\"><img loading=\"lazy\" decoding=\"async\" class=\"size-large wp-image-15378 aligncenter\" alt=\"Barrionuevo\" src=\"http:\/\/www.cordobatimes.com\/deportes\/wp-content\/uploads\/2014\/06\/Barrionuevo-1024x574.jpg\" width=\"1024\" height=\"574\" data-id=\"15378\" srcset=\"https:\/\/www.cordobatimes.com\/deportes\/wp-content\/uploads\/2014\/06\/Barrionuevo-1024x574.jpg 1024w, https:\/\/www.cordobatimes.com\/deportes\/wp-content\/uploads\/2014\/06\/Barrionuevo-300x168.jpg 300w, https:\/\/www.cordobatimes.com\/deportes\/wp-content\/uploads\/2014\/06\/Barrionuevo.jpg 1140w\" sizes=\"auto, (max-width: 1024px) 100vw, 1024px\" \/><\/a><\/p>\n<h3 style=\"text-align: justify;\"><b>Desde el Fondo de Inversi\u00f3n desean que el \u201cIndio\u201d sea parte del equipo que dispute el Argentino A. Todav\u00eda no est\u00e1 confirmada la continuidad de Ghiso.<\/b><\/h3>\n<p style=\"text-align: justify;\">\n<p style=\"text-align: justify;\">\n<p style=\"text-align: justify;\">Ezequiel Barrionuevo fue uno de los jugadores m\u00e1s regulares en el Matador, por eso la dirigencia quiere renovarle el contrato (finaliza a fin de mes), para que juegue el Torneo Argentino A que comenzar\u00e1 en agosto.<\/p>\n<p style=\"text-align: justify;\">\u201cSe comunicaron porque interesa que se prorrogue el v\u00ednculo. Ezequiel est\u00e1 c\u00f3modo, vamos a ver como se da todo. Hay otros ofrecimientos, pero Talleres es importante para nosotros\u201d, asegur\u00f3 Leonardo Gasseuy, representante del mediocampista.<\/p>\n<p style=\"text-align: justify;\">El Fondo de Inversi\u00f3n ya avanz\u00f3 en las negociaciones para retener al ya mencionado volante, e hizo lo mismo con Gonzalo Klusener (prioridad), Esteban Burgos y Gast\u00f3n Bottino.<\/p>\n<p style=\"text-align: justify;\">Respecto a quien ser\u00e1 el director t\u00e9cnico para afrontar el \u00a0Argentino, todav\u00eda no est\u00e1 confirmada la continuidad de Jorge Ghiso. Los miembros del Fondo est\u00e1n hablando con otros DT como \u00c1ngel Hoyos (viene de Grecia), Iv\u00e1n Delfino (ex \u2013 entrenador de Crucero del Norte), Ricardo Rodr\u00edguez y el propio \u201cVitrola\u201d. Habr\u00e1 que aguardar que decisi\u00f3n tome la comisi\u00f3n directiva.<\/p>\n","protected":false},"excerpt":{"rendered":"<p>Desde el Fondo de Inversi\u00f3n desean que el \u201cIndio\u201d sea parte del equipo que dispute el Argentino A. Todav\u00eda no est\u00e1 confirmada la continuidad de Ghiso. Ezequiel Barrionuevo fue uno de los jugadores m\u00e1s regulares en el Matador, por eso la dirigencia quiere renovarle el contrato (finaliza a fin de mes), para que juegue el [&hellip;]<\/p>\n","protected":false},"author":15,"featured_media":15378,"comment_status":"open","ping_status":"open","sticky":false,"template":"","format":"standard","meta":{"_seopress_robots_primary_cat":"","_seopress_titles_title":"","_seopress_titles_desc":"","_seopress_robots_index":"","footnotes":""},"categories":[2],"tags":[34,3226,40,3227,2989],"class_list":["post-15377","post","type-post","status-publish","format-standard","has-post-thumbnail","hentry","category-futbol","tag-b-nacional","tag-ezequiel-barrionuevo","tag-talleres","tag-torneo-argentino-a","tag-vitrola-ghiso"],"_links":{"self":[{"href":"https:\/\/www.cordobatimes.com\/deportes\/wp-json\/wp\/v2\/posts\/15377","targetHints":{"allow":["GET"]}}],"collection":[{"href":"https:\/\/www.cordobatimes.com\/deportes\/wp-json\/wp\/v2\/posts"}],"about":[{"href":"https:\/\/www.cordobatimes.com\/deportes\/wp-json\/wp\/v2\/types\/post"}],"author":[{"embeddable":true,"href":"https:\/\/www.cordobatimes.com\/deportes\/wp-json\/wp\/v2\/users\/15"}],"replies":[{"embeddable":true,"href":"https:\/\/www.cordobatimes.com\/deportes\/wp-json\/wp\/v2\/comments?post=15377"}],"version-history":[{"count":0,"href":"https:\/\/www.cordobatimes.com\/deportes\/wp-json\/wp\/v2\/posts\/15377\/revisions"}],"wp:featuredmedia":[{"embeddable":true,"href":"https:\/\/www.cordobatimes.com\/deportes\/wp-json\/wp\/v2\/media\/15378"}],"wp:attachment":[{"href":"https:\/\/www.cordobatimes.com\/deportes\/wp-json\/wp\/v2\/media?parent=15377"}],"wp:term":[{"taxonomy":"category","embeddable":true,"href":"https:\/\/www.cordobatimes.com\/deportes\/wp-json\/wp\/v2\/categories?post=15377"},{"taxonomy":"post_tag","embeddable":true,"href":"https:\/\/www.cordobatimes.com\/deportes\/wp-json\/wp\/v2\/tags?post=15377"}],"curies":[{"name":"wp","href":"https:\/\/api.w.org\/{rel}","templated":true}]}}