{"id":15373,"date":"2014-06-11T19:18:53","date_gmt":"2014-06-11T22:18:53","guid":{"rendered":"http:\/\/www.cordobatimes.com\/deportes\/?p=15373"},"modified":"2014-06-11T19:20:46","modified_gmt":"2014-06-11T22:20:46","slug":"diamond-league-lauro-termino-en-cuarta-posicion","status":"publish","type":"post","link":"https:\/\/www.cordobatimes.com\/deportes\/polideportivo\/2014\/06\/11\/diamond-league-lauro-termino-en-cuarta-posicion\/","title":{"rendered":"Diamond League: Lauro termin\u00f3 en cuarta posici\u00f3n."},"content":{"rendered":"<p style=\"text-align: center;\"><a href=\"http:\/\/www.cordobatimes.com\/deportes\/wp-content\/uploads\/2014\/06\/Lauro.jpg\"><img loading=\"lazy\" decoding=\"async\" class=\"size-full wp-image-15374 aligncenter\" alt=\"Lauro\" src=\"http:\/\/www.cordobatimes.com\/deportes\/wp-content\/uploads\/2014\/06\/Lauro.jpg\" width=\"620\" height=\"465\" data-id=\"15374\" srcset=\"https:\/\/www.cordobatimes.com\/deportes\/wp-content\/uploads\/2014\/06\/Lauro.jpg 620w, https:\/\/www.cordobatimes.com\/deportes\/wp-content\/uploads\/2014\/06\/Lauro-300x225.jpg 300w\" sizes=\"auto, (max-width: 620px) 100vw, 620px\" \/><\/a><\/p>\n<h3 style=\"text-align: justify;\"><b>El atleta argentino finaliz\u00f3 cuarto en Oslo, en la continuidad de la Diamond League. Su mejor tiro fue de 20.60 metros.<\/b><\/h3>\n<p style=\"text-align: justify;\">\n<p style=\"text-align: justify;\">\n<p style=\"text-align: justify;\">Germ\u00e1n Lauro sigue demostrando su buen presente y en la continuidad de la Diamond League llevada a cabo en Oslo, Noruega, cumpli\u00f3 un muy buen papel. Esta liga es la que re\u00fane a los mejores atletas del mundo.<\/p>\n<p style=\"text-align: justify;\">El oriundo de Trenque Lauquen termin\u00f3 en la cuarta posici\u00f3n en la disciplina Lanzamiento de Bala con una marca de 20.60 metros, conseguido en el \u00faltimo tiro. Previamente hab\u00eda conseguid 20.04, 19.85, nulo, nulo y 20.01.<\/p>\n<p style=\"text-align: justify;\">Sobre su buen presente, Lauro coment\u00f3: \u201cEstoy contento con el puesto, pero no fue una buena serie. Espero mejorar. Hay que seguir trabajando para lograrlo\u201d.<\/p>\n<p style=\"text-align: justify;\">En la prueba le triunfo se lo llev\u00f3 el estadounidense Joe Kovacs con 21,14, mientras que en segundo lugar qued\u00f3 el alem\u00e1n David Storn con 21,98 y completo el podio el tambi\u00e9n norteamericano Reese Hoffa con 21.07.<\/p>\n","protected":false},"excerpt":{"rendered":"<p>El atleta argentino finaliz\u00f3 cuarto en Oslo, en la continuidad de la Diamond League. Su mejor tiro fue de 20.60 metros. Germ\u00e1n Lauro sigue demostrando su buen presente y en la continuidad de la Diamond League llevada a cabo en Oslo, Noruega, cumpli\u00f3 un muy buen papel. Esta liga es la que re\u00fane a los [&hellip;]<\/p>\n","protected":false},"author":15,"featured_media":15374,"comment_status":"open","ping_status":"open","sticky":false,"template":"","format":"standard","meta":{"_seopress_robots_primary_cat":"","_seopress_titles_title":"","_seopress_titles_desc":"","_seopress_robots_index":"","footnotes":""},"categories":[6],"tags":[949,3225,2075,2076],"class_list":["post-15373","post","type-post","status-publish","format-standard","has-post-thumbnail","hentry","category-polideportivo","tag-atletismo","tag-diamond-league","tag-german-lauro","tag-lanzamiento-de-bala"],"_links":{"self":[{"href":"https:\/\/www.cordobatimes.com\/deportes\/wp-json\/wp\/v2\/posts\/15373","targetHints":{"allow":["GET"]}}],"collection":[{"href":"https:\/\/www.cordobatimes.com\/deportes\/wp-json\/wp\/v2\/posts"}],"about":[{"href":"https:\/\/www.cordobatimes.com\/deportes\/wp-json\/wp\/v2\/types\/post"}],"author":[{"embeddable":true,"href":"https:\/\/www.cordobatimes.com\/deportes\/wp-json\/wp\/v2\/users\/15"}],"replies":[{"embeddable":true,"href":"https:\/\/www.cordobatimes.com\/deportes\/wp-json\/wp\/v2\/comments?post=15373"}],"version-history":[{"count":0,"href":"https:\/\/www.cordobatimes.com\/deportes\/wp-json\/wp\/v2\/posts\/15373\/revisions"}],"wp:featuredmedia":[{"embeddable":true,"href":"https:\/\/www.cordobatimes.com\/deportes\/wp-json\/wp\/v2\/media\/15374"}],"wp:attachment":[{"href":"https:\/\/www.cordobatimes.com\/deportes\/wp-json\/wp\/v2\/media?parent=15373"}],"wp:term":[{"taxonomy":"category","embeddable":true,"href":"https:\/\/www.cordobatimes.com\/deportes\/wp-json\/wp\/v2\/categories?post=15373"},{"taxonomy":"post_tag","embeddable":true,"href":"https:\/\/www.cordobatimes.com\/deportes\/wp-json\/wp\/v2\/tags?post=15373"}],"curies":[{"name":"wp","href":"https:\/\/api.w.org\/{rel}","templated":true}]}}