{"id":15372,"date":"2014-06-12T13:43:09","date_gmt":"2014-06-12T16:43:09","guid":{"rendered":"http:\/\/www.cordobatimes.com\/deportes\/?p=15372"},"modified":"2014-06-12T13:43:09","modified_gmt":"2014-06-12T16:43:09","slug":"brasil-un-pais-que-siente-y-respira-el-mundial","status":"publish","type":"post","link":"https:\/\/www.cordobatimes.com\/deportes\/futbol\/2014\/06\/12\/brasil-un-pais-que-siente-y-respira-el-mundial\/","title":{"rendered":"Brasil, un pa\u00eds que siente y respira el Mundial"},"content":{"rendered":"<h3 style=\"text-align: justify;\"><strong><a href=\"http:\/\/www.cordobatimes.com\/deportes\/wp-content\/uploads\/2014\/06\/Brasil-2014.gif\"><img loading=\"lazy\" decoding=\"async\" class=\"size-full wp-image-15398 aligncenter\" alt=\"Brasil 2014\" src=\"http:\/\/www.cordobatimes.com\/deportes\/wp-content\/uploads\/2014\/06\/Brasil-2014.gif\" width=\"620\" height=\"330\" data-id=\"15398\" \/><\/a>(Corresponsal en R\u00edo de Janeiro). Faltan pocas horas para el inicio de una nueva edici\u00f3n del torneo m\u00e1s importante de selecciones y en C\u00f3rdoba Times, desde tierras cariocas, te contamos como se vive la previa.\u00a0<\/strong><\/h3>\n<p style=\"text-align: justify;\">\n<p style=\"text-align: justify;\">Brasil y Croacia abrir\u00e1n hoy jueves, desde las 17, el torneo que tanto se esperaba. En la parte futbol\u00edstica, el pa\u00eds anfitri\u00f3n, Espa\u00f1a, Argentina y Alemania aparecen como los principales candidatos. Pero esta cita va mas all\u00e1 y eso se palpa en las calles de R\u00edo de Janeiro, tenida con una fiebre mundialista impresionante.<\/p>\n<p style=\"text-align: justify;\">Las playas de Copacabana, Ipanema y Leblon, las calles del centro, atracciones como el Cristo Redentor y el Pan de Azucar, son algunos de los sitios donde se observan a miles de fan\u00e1ticos ansiosos por el inicio del campeonato. No suena extra\u00f1o ver mayoria de argentinos. Camisetas de River, Boca, Rosario Central y alguna que otra de Talleres caminan orgullosos por la &#8220;Cidade Maravilhosa&#8221;. Tambi\u00e9n hay gran cantidad de mexicanos, chilenos y colombianos. Para sorpresa de quien escribe, solamente alg\u00fan que otro bosnio (con esperanzas de sacar al menos un punto contra nuestra selecci\u00f3n), italiano o ruso. Del resto, poco y nada (al menos a la vista).<\/p>\n<p style=\"text-align: justify;\">La tarde del 12 de junio seguramente quedar\u00e1 en la historia brasile\u00f1a, con la esperanza de poder alivianar la carga social que gener\u00f3 la realizaci\u00f3n de la Copa del Mundo entre medio de tantas protestas, ajustes y caos social. C\u00f3rdoba Times estar\u00e1 informando y contando todo lo sucedido durante estos d\u00edas.<\/p>\n<p style=\"text-align: justify;\">El debut del conjunto local, en San Pablo, ser\u00e1 seguido de cerca por 20 mil personas (capacidad m\u00e1xima) en la denominada &#8220;Fan Fest Fifa&#8221;, una carpa gigante colocada en la playa de Copacabana para la ocasi\u00f3n. Habr\u00e1 bandas musicales, regalos, tiendas oficiales de venta de merchandising y, por sobre, mucha fiebre mundialista.<\/p>\n","protected":false},"excerpt":{"rendered":"<p>(Corresponsal en R\u00edo de Janeiro). Faltan pocas horas para el inicio de una nueva edici\u00f3n del torneo m\u00e1s importante de selecciones y en C\u00f3rdoba Times, desde tierras cariocas, te contamos como se vive la previa.\u00a0 Brasil y Croacia abrir\u00e1n hoy jueves, desde las 17, el torneo que tanto se esperaba. En la parte futbol\u00edstica, el [&hellip;]<\/p>\n","protected":false},"author":2,"featured_media":15398,"comment_status":"open","ping_status":"open","sticky":false,"template":"","format":"standard","meta":{"_seopress_robots_primary_cat":"","_seopress_titles_title":"","_seopress_titles_desc":"","_seopress_robots_index":"","footnotes":""},"categories":[2,22],"tags":[125,476,3233],"class_list":["post-15372","post","type-post","status-publish","format-standard","has-post-thumbnail","hentry","category-futbol","category-mundial-brasil-2014","tag-brasil","tag-brasil-2014","tag-corresponsal-en-rio-de-janeiro"],"_links":{"self":[{"href":"https:\/\/www.cordobatimes.com\/deportes\/wp-json\/wp\/v2\/posts\/15372","targetHints":{"allow":["GET"]}}],"collection":[{"href":"https:\/\/www.cordobatimes.com\/deportes\/wp-json\/wp\/v2\/posts"}],"about":[{"href":"https:\/\/www.cordobatimes.com\/deportes\/wp-json\/wp\/v2\/types\/post"}],"author":[{"embeddable":true,"href":"https:\/\/www.cordobatimes.com\/deportes\/wp-json\/wp\/v2\/users\/2"}],"replies":[{"embeddable":true,"href":"https:\/\/www.cordobatimes.com\/deportes\/wp-json\/wp\/v2\/comments?post=15372"}],"version-history":[{"count":0,"href":"https:\/\/www.cordobatimes.com\/deportes\/wp-json\/wp\/v2\/posts\/15372\/revisions"}],"wp:featuredmedia":[{"embeddable":true,"href":"https:\/\/www.cordobatimes.com\/deportes\/wp-json\/wp\/v2\/media\/15398"}],"wp:attachment":[{"href":"https:\/\/www.cordobatimes.com\/deportes\/wp-json\/wp\/v2\/media?parent=15372"}],"wp:term":[{"taxonomy":"category","embeddable":true,"href":"https:\/\/www.cordobatimes.com\/deportes\/wp-json\/wp\/v2\/categories?post=15372"},{"taxonomy":"post_tag","embeddable":true,"href":"https:\/\/www.cordobatimes.com\/deportes\/wp-json\/wp\/v2\/tags?post=15372"}],"curies":[{"name":"wp","href":"https:\/\/api.w.org\/{rel}","templated":true}]}}