{"id":15291,"date":"2014-06-09T20:57:13","date_gmt":"2014-06-09T23:57:13","guid":{"rendered":"http:\/\/www.cordobatimes.com\/deportes\/?p=15291"},"modified":"2014-06-09T20:57:13","modified_gmt":"2014-06-09T23:57:13","slug":"dani-alves-quiere-una-final-contra-argentina","status":"publish","type":"post","link":"https:\/\/www.cordobatimes.com\/deportes\/futbol\/2014\/06\/09\/dani-alves-quiere-una-final-contra-argentina\/","title":{"rendered":"Dani Alves quiere &#8220;una final contra Argentina&#8221;"},"content":{"rendered":"<h3><strong><a href=\"http:\/\/www.cordobatimes.com\/deportes\/wp-content\/uploads\/2014\/06\/Alves.jpg\"><img loading=\"lazy\" decoding=\"async\" class=\"size-full wp-image-15292 aligncenter\" alt=\"Alves\" src=\"http:\/\/www.cordobatimes.com\/deportes\/wp-content\/uploads\/2014\/06\/Alves.jpg\" width=\"646\" height=\"402\" data-id=\"15292\" srcset=\"https:\/\/www.cordobatimes.com\/deportes\/wp-content\/uploads\/2014\/06\/Alves.jpg 646w, https:\/\/www.cordobatimes.com\/deportes\/wp-content\/uploads\/2014\/06\/Alves-300x186.jpg 300w\" sizes=\"auto, (max-width: 646px) 100vw, 646px\" \/><\/a><\/strong><\/h3>\n<h3><strong>El brasile\u00f1o declar\u00f3 que ser\u00eda de su agrado una definici\u00f3n del Mundial ante su cl\u00e1sico rival, porque es &#8220;candidato&#8221; al igual que su selecci\u00f3n. A su vez, incluy\u00f3 a Espa\u00f1a y Alemania entre los equipos con chances de alzar el trofeo.<\/strong><\/h3>\n<p>&nbsp;<\/p>\n<p>Dani Alves, uno de los pilares de la defensa verdeamarelha y con mucha historia en su conjunto, se plant\u00f3 frente a los periodistas y no tuvo ning\u00fan problema en animarse a decir que no ver\u00eda con malos ojos un partido final contra Messi y compa\u00f1\u00eda: &#8220;&#8221;Me gustar\u00eda jugar la final contra Argentina por lo que significa el cl\u00e1sico del f\u00fatbol sudamericano y la historia que tienen las dos selecciones. Ser\u00eda muy lindo ganar la Copa en Brasil y contra el cl\u00e1sico rival&#8221;.<\/p>\n<p>Entre otras cosas, afirm\u00f3 que &#8220;el debut es de los encuentros m\u00e1s importantes del Mundial&#8221;, que Espa\u00f1a, &#8220;por ser el \u00faltimo campe\u00f3n&#8221; y Alemania &#8220;porque juega lindo y alegre&#8221; son otros dos que contar\u00e1n con serias chances de ser campeones. A su vez, se hizo un tiempo para pedirle apoyo a los hinchas locales que abuchearon al Scratch en los juegos amistosos:\u00a0&#8220;La selecci\u00f3n brasile\u00f1a es el pueblo, y creo que nos van a apoyar con todo el optimismo porque este es un pa\u00eds que ama el f\u00fatbol. De esa forma, vamos a potenciarnos y a aumentar nuestro favoritismo&#8221;, cerr\u00f3.<\/p>\n","protected":false},"excerpt":{"rendered":"<p>El brasile\u00f1o declar\u00f3 que ser\u00eda de su agrado una definici\u00f3n del Mundial ante su cl\u00e1sico rival, porque es &#8220;candidato&#8221; al igual que su selecci\u00f3n. A su vez, incluy\u00f3 a Espa\u00f1a y Alemania entre los equipos con chances de alzar el trofeo. &nbsp; Dani Alves, uno de los pilares de la defensa verdeamarelha y con mucha [&hellip;]<\/p>\n","protected":false},"author":2,"featured_media":15292,"comment_status":"open","ping_status":"open","sticky":false,"template":"","format":"standard","meta":{"_seopress_robots_primary_cat":"","_seopress_titles_title":"","_seopress_titles_desc":"","_seopress_robots_index":"","footnotes":""},"categories":[2,22],"tags":[125,476,3203],"class_list":["post-15291","post","type-post","status-publish","format-standard","has-post-thumbnail","hentry","category-futbol","category-mundial-brasil-2014","tag-brasil","tag-brasil-2014","tag-dani-alves"],"_links":{"self":[{"href":"https:\/\/www.cordobatimes.com\/deportes\/wp-json\/wp\/v2\/posts\/15291","targetHints":{"allow":["GET"]}}],"collection":[{"href":"https:\/\/www.cordobatimes.com\/deportes\/wp-json\/wp\/v2\/posts"}],"about":[{"href":"https:\/\/www.cordobatimes.com\/deportes\/wp-json\/wp\/v2\/types\/post"}],"author":[{"embeddable":true,"href":"https:\/\/www.cordobatimes.com\/deportes\/wp-json\/wp\/v2\/users\/2"}],"replies":[{"embeddable":true,"href":"https:\/\/www.cordobatimes.com\/deportes\/wp-json\/wp\/v2\/comments?post=15291"}],"version-history":[{"count":0,"href":"https:\/\/www.cordobatimes.com\/deportes\/wp-json\/wp\/v2\/posts\/15291\/revisions"}],"wp:featuredmedia":[{"embeddable":true,"href":"https:\/\/www.cordobatimes.com\/deportes\/wp-json\/wp\/v2\/media\/15292"}],"wp:attachment":[{"href":"https:\/\/www.cordobatimes.com\/deportes\/wp-json\/wp\/v2\/media?parent=15291"}],"wp:term":[{"taxonomy":"category","embeddable":true,"href":"https:\/\/www.cordobatimes.com\/deportes\/wp-json\/wp\/v2\/categories?post=15291"},{"taxonomy":"post_tag","embeddable":true,"href":"https:\/\/www.cordobatimes.com\/deportes\/wp-json\/wp\/v2\/tags?post=15291"}],"curies":[{"name":"wp","href":"https:\/\/api.w.org\/{rel}","templated":true}]}}