{"id":15284,"date":"2014-06-09T12:09:02","date_gmt":"2014-06-09T15:09:02","guid":{"rendered":"http:\/\/www.cordobatimes.com\/deportes\/?p=15284"},"modified":"2014-06-09T12:09:02","modified_gmt":"2014-06-09T15:09:02","slug":"maravilla-martinez-todavia-no-decidio-que-sera-de-su-futuro","status":"publish","type":"post","link":"https:\/\/www.cordobatimes.com\/deportes\/polideportivo\/2014\/06\/09\/maravilla-martinez-todavia-no-decidio-que-sera-de-su-futuro\/","title":{"rendered":"Maravilla Mart\u00ednez todav\u00eda no decidi\u00f3 que ser\u00e1 de su futuro"},"content":{"rendered":"<p style=\"text-align: center;\"><a href=\"http:\/\/www.cordobatimes.com\/deportes\/wp-content\/uploads\/2014\/06\/maravilla.jpg\"><img loading=\"lazy\" decoding=\"async\" class=\"size-full wp-image-15285 aligncenter\" alt=\"maravilla\" src=\"http:\/\/www.cordobatimes.com\/deportes\/wp-content\/uploads\/2014\/06\/maravilla.jpg\" width=\"786\" height=\"516\" data-id=\"15285\" srcset=\"https:\/\/www.cordobatimes.com\/deportes\/wp-content\/uploads\/2014\/06\/maravilla.jpg 786w, https:\/\/www.cordobatimes.com\/deportes\/wp-content\/uploads\/2014\/06\/maravilla-300x196.jpg 300w\" sizes=\"auto, (max-width: 786px) 100vw, 786px\" \/><\/a><\/p>\n<h3 style=\"text-align: justify;\"><strong>Sampson Lewkowicz, promotor y asesor de Sergio Mart\u00ednez, declar\u00f3 que el boxeador todav\u00eda no sabe si se retirara de la actividad.<\/strong><\/h3>\n<p style=\"text-align: justify;\">\n<p style=\"text-align: justify;\">\n<p style=\"text-align: justify;\">Luego de la contundente derrota en el Madison Square Garde de Nueva York ante el puertorrique\u00f1o Miguel Cotto, \u201cMaravilla\u201d Mart\u00ednez ya se encuentra en Madrid (donde reside desde 2002). El pugilista no emiti\u00f3 ning\u00fan comunicado respecto a su futuro en el box.<\/p>\n<p style=\"text-align: justify;\">\u201cSergio ya est\u00e1 en Madrid. S\u00f3lo \u00e9l y sus allegados decidir\u00e1n qu\u00e9 har\u00e1. Es prematuro hacer conjeturas sobre su futuro\u201d, fueron las palabras de su asesor Sampson Lewkowicz.<\/p>\n<p style=\"text-align: justify;\">Luego, el empresario agreg\u00f3: \u201cSergio no sabe cu\u00e1ndo regresar\u00e1 a Buenos Aires\u201d. Tambi\u00e9n confirm\u00f3 que el ex \u2013 campe\u00f3n mediando de la CMB durante la pelea del s\u00e1bado sufri\u00f3 una fractura en el tabique nasal, que lo obligo a hacerse atender en un hospital en Manhattan.<\/p>\n<p style=\"text-align: justify;\">\u201cLe hicieron una tomograf\u00eda computada y se compr\u00f3 la fractura. Ahora su m\u00e9dica personal evaluar\u00e1 la lesi\u00f3n y en los pr\u00f3ximos d\u00edas se determinar\u00e1n los pasos a seguir\u201d, inform\u00f3 Lewkowicz. Habr\u00e1 que esperar que decisi\u00f3n tome el oriundo de Quilmes respecto a su futuro.<\/p>\n","protected":false},"excerpt":{"rendered":"<p>Sampson Lewkowicz, promotor y asesor de Sergio Mart\u00ednez, declar\u00f3 que el boxeador todav\u00eda no sabe si se retirara de la actividad. Luego de la contundente derrota en el Madison Square Garde de Nueva York ante el puertorrique\u00f1o Miguel Cotto, \u201cMaravilla\u201d Mart\u00ednez ya se encuentra en Madrid (donde reside desde 2002). El pugilista no emiti\u00f3 ning\u00fan [&hellip;]<\/p>\n","protected":false},"author":15,"featured_media":15285,"comment_status":"open","ping_status":"open","sticky":false,"template":"","format":"standard","meta":{"_seopress_robots_primary_cat":"","_seopress_titles_title":"","_seopress_titles_desc":"","_seopress_robots_index":"","footnotes":""},"categories":[7,6],"tags":[912,1965,3202,296],"class_list":["post-15284","post","type-post","status-publish","format-standard","has-post-thumbnail","hentry","category-boxeo","category-polideportivo","tag-campeon","tag-cotto","tag-madison-square-garden","tag-maravilla-martinez"],"_links":{"self":[{"href":"https:\/\/www.cordobatimes.com\/deportes\/wp-json\/wp\/v2\/posts\/15284","targetHints":{"allow":["GET"]}}],"collection":[{"href":"https:\/\/www.cordobatimes.com\/deportes\/wp-json\/wp\/v2\/posts"}],"about":[{"href":"https:\/\/www.cordobatimes.com\/deportes\/wp-json\/wp\/v2\/types\/post"}],"author":[{"embeddable":true,"href":"https:\/\/www.cordobatimes.com\/deportes\/wp-json\/wp\/v2\/users\/15"}],"replies":[{"embeddable":true,"href":"https:\/\/www.cordobatimes.com\/deportes\/wp-json\/wp\/v2\/comments?post=15284"}],"version-history":[{"count":0,"href":"https:\/\/www.cordobatimes.com\/deportes\/wp-json\/wp\/v2\/posts\/15284\/revisions"}],"wp:featuredmedia":[{"embeddable":true,"href":"https:\/\/www.cordobatimes.com\/deportes\/wp-json\/wp\/v2\/media\/15285"}],"wp:attachment":[{"href":"https:\/\/www.cordobatimes.com\/deportes\/wp-json\/wp\/v2\/media?parent=15284"}],"wp:term":[{"taxonomy":"category","embeddable":true,"href":"https:\/\/www.cordobatimes.com\/deportes\/wp-json\/wp\/v2\/categories?post=15284"},{"taxonomy":"post_tag","embeddable":true,"href":"https:\/\/www.cordobatimes.com\/deportes\/wp-json\/wp\/v2\/tags?post=15284"}],"curies":[{"name":"wp","href":"https:\/\/api.w.org\/{rel}","templated":true}]}}