{"id":15278,"date":"2014-06-09T11:29:41","date_gmt":"2014-06-09T14:29:41","guid":{"rendered":"http:\/\/www.cordobatimes.com\/deportes\/?p=15278"},"modified":"2014-06-09T11:29:41","modified_gmt":"2014-06-09T14:29:41","slug":"argentino-a-guarani-ascendio-a-la-primera-b-nacional","status":"publish","type":"post","link":"https:\/\/www.cordobatimes.com\/deportes\/futbol\/2014\/06\/09\/argentino-a-guarani-ascendio-a-la-primera-b-nacional\/","title":{"rendered":"Argentino A: Guaran\u00ed ascendi\u00f3 a la Primera B Nacional"},"content":{"rendered":"<p style=\"text-align: center;\"><a href=\"http:\/\/www.cordobatimes.com\/deportes\/wp-content\/uploads\/2014\/06\/Juve.jpg\"><img loading=\"lazy\" decoding=\"async\" class=\"size-full wp-image-15279 aligncenter\" alt=\"Juve\" src=\"http:\/\/www.cordobatimes.com\/deportes\/wp-content\/uploads\/2014\/06\/Juve.jpg\" width=\"600\" height=\"450\" data-id=\"15279\" srcset=\"https:\/\/www.cordobatimes.com\/deportes\/wp-content\/uploads\/2014\/06\/Juve.jpg 600w, https:\/\/www.cordobatimes.com\/deportes\/wp-content\/uploads\/2014\/06\/Juve-300x225.jpg 300w\" sizes=\"auto, (max-width: 600px) 100vw, 600px\" \/><\/a><\/p>\n<h3 style=\"text-align: justify;\"><b>El equipo misionero gan\u00f3 como local por 1 a 0 y logr\u00f3 el ascenso por ventaja deportiva. En la ida hab\u00eda ca\u00eddo por 2 a 1.<\/b><\/h3>\n<p style=\"text-align: justify;\">\n<p style=\"text-align: justify;\">\n<p style=\"text-align: justify;\">Guaran\u00ed Antonio Franco jugara la pr\u00f3xima temporada en la Primera B Nacional luego de haber derrotado por 1 a 0 a Juventud Unida Universitario de San Luis. Consigui\u00f3 subir de categor\u00eda debido a la ventaja deportiva, ya que en tierras puntanas hab\u00eda perdido por 2 a 1.<\/p>\n<p style=\"text-align: justify;\">Tob\u00edas Albarrac\u00edn fue quien anot\u00f3 el \u00fanico gol del encuentro, a\u00a0 los 39 minutos del primer tiempo, que le dio el tan ansiado ascenso al conjunto de Posadas. La Franja fue participante de los viejos Torneos Nacionales (actual Primera Divisi\u00f3n), en 4 oportunidades: 1971, 1981, 1982 y 1985.<\/p>\n<p style=\"text-align: justify;\">De esta manera, Guaran\u00ed es el segundo equipo que logra el ascenso en esta temporada luego de Ram\u00f3n Santamarina de Tandil, que se coron\u00f3 campe\u00f3n.<\/p>\n","protected":false},"excerpt":{"rendered":"<p>El equipo misionero gan\u00f3 como local por 1 a 0 y logr\u00f3 el ascenso por ventaja deportiva. En la ida hab\u00eda ca\u00eddo por 2 a 1. Guaran\u00ed Antonio Franco jugara la pr\u00f3xima temporada en la Primera B Nacional luego de haber derrotado por 1 a 0 a Juventud Unida Universitario de San Luis. Consigui\u00f3 subir [&hellip;]<\/p>\n","protected":false},"author":15,"featured_media":15279,"comment_status":"open","ping_status":"open","sticky":false,"template":"","format":"standard","meta":{"_seopress_robots_primary_cat":"","_seopress_titles_title":"","_seopress_titles_desc":"","_seopress_robots_index":"","footnotes":""},"categories":[2,17],"tags":[2819,34,3101,3100,3201,758],"class_list":["post-15278","post","type-post","status-publish","format-standard","has-post-thumbnail","hentry","category-futbol","category-nacional-b","tag-argentino-a","tag-b-nacional","tag-guarani","tag-juventud","tag-posadas","tag-san-luis"],"_links":{"self":[{"href":"https:\/\/www.cordobatimes.com\/deportes\/wp-json\/wp\/v2\/posts\/15278","targetHints":{"allow":["GET"]}}],"collection":[{"href":"https:\/\/www.cordobatimes.com\/deportes\/wp-json\/wp\/v2\/posts"}],"about":[{"href":"https:\/\/www.cordobatimes.com\/deportes\/wp-json\/wp\/v2\/types\/post"}],"author":[{"embeddable":true,"href":"https:\/\/www.cordobatimes.com\/deportes\/wp-json\/wp\/v2\/users\/15"}],"replies":[{"embeddable":true,"href":"https:\/\/www.cordobatimes.com\/deportes\/wp-json\/wp\/v2\/comments?post=15278"}],"version-history":[{"count":0,"href":"https:\/\/www.cordobatimes.com\/deportes\/wp-json\/wp\/v2\/posts\/15278\/revisions"}],"wp:featuredmedia":[{"embeddable":true,"href":"https:\/\/www.cordobatimes.com\/deportes\/wp-json\/wp\/v2\/media\/15279"}],"wp:attachment":[{"href":"https:\/\/www.cordobatimes.com\/deportes\/wp-json\/wp\/v2\/media?parent=15278"}],"wp:term":[{"taxonomy":"category","embeddable":true,"href":"https:\/\/www.cordobatimes.com\/deportes\/wp-json\/wp\/v2\/categories?post=15278"},{"taxonomy":"post_tag","embeddable":true,"href":"https:\/\/www.cordobatimes.com\/deportes\/wp-json\/wp\/v2\/tags?post=15278"}],"curies":[{"name":"wp","href":"https:\/\/api.w.org\/{rel}","templated":true}]}}