{"id":15187,"date":"2014-06-07T19:23:39","date_gmt":"2014-06-07T22:23:39","guid":{"rendered":"http:\/\/www.cordobatimes.com\/deportes\/?p=15187"},"modified":"2014-06-07T19:26:02","modified_gmt":"2014-06-07T22:26:02","slug":"las-fotos-oficiales-de-la-seleccion-argentina-para-brasil-2014","status":"publish","type":"post","link":"https:\/\/www.cordobatimes.com\/deportes\/futbol\/2014\/06\/07\/las-fotos-oficiales-de-la-seleccion-argentina-para-brasil-2014\/","title":{"rendered":"Las fotos oficiales de la Selecci\u00f3n Argentina para Brasil 2014"},"content":{"rendered":"<h3><a href=\"http:\/\/www.cordobatimes.com\/deportes\/wp-content\/uploads\/2014\/06\/seleccion_argentina.jpg\"><img loading=\"lazy\" decoding=\"async\" class=\"aligncenter size-full wp-image-15192\" alt=\"seleccion_argentina\" src=\"http:\/\/www.cordobatimes.com\/deportes\/wp-content\/uploads\/2014\/06\/seleccion_argentina.jpg\" width=\"770\" height=\"433\" data-id=\"15192\" srcset=\"https:\/\/www.cordobatimes.com\/deportes\/wp-content\/uploads\/2014\/06\/seleccion_argentina.jpg 770w, https:\/\/www.cordobatimes.com\/deportes\/wp-content\/uploads\/2014\/06\/seleccion_argentina-300x168.jpg 300w\" sizes=\"auto, (max-width: 770px) 100vw, 770px\" \/><\/a><\/h3>\n<h3><strong>Como protocolo previo a cada Mundial, el conjunto nacional pos\u00f3 para las c\u00e1maras e inmortaliz\u00f3 una imagen que podr\u00eda quedar en la historia.<\/strong><\/h3>\n<p>&nbsp;<\/p>\n<p style=\"text-align: justify;\">Cl\u00e1sico previo de cada Mundial: la\u00a0Selecci\u00f3n Argentina\u00a0pos\u00f3 para la foto oficial de la Copa del Mundo de\u00a0Brasil 2014. Los 23 integrantes de la lista junto al cuerpo t\u00e9cnico y el resto de los integrantes de la delegaci\u00f3n que viajar\u00e1 rumbo a tierras verdeamarelas.<\/p>\n<div style=\"text-align: justify;\"><\/div>\n<div style=\"text-align: justify;\">Los jugadores modelaron en dos versiones. Vestidos con la indumentaria oficial de la Selecci\u00f3n, la que usar\u00e1n durante el torneo, se tomaron la primera foto. Despu\u00e9s se vistieron con trajes que fueron especialmente dise\u00f1ados para cada uno.<\/div>\n<div style=\"text-align: justify;\"><\/div>\n<div style=\"text-align: justify;\"><b>De arriba hacia abajo, de izquierda a derecha:<\/b><\/div>\n<div style=\"text-align: justify;\"><\/div>\n<div>\n<div style=\"text-align: justify;\"><b>Primera fila:\u00a0<\/b>Hugo Campagnaro, Ricardo \u00c1lvarez, Federico Fern\u00e1ndez, Agust\u00edn Orion, Mariano And\u00fajar, Sergio Romero, Jos\u00e9 Basanta y Mart\u00edn Demichelis.<\/div>\n<div style=\"text-align: justify;\"><\/div>\n<div style=\"text-align: justify;\"><b>Segunda fila:\u00a0<\/b>Javier Mascherano, Enzo P\u00e9rez, Gonzalo Higua\u00edn, Marcos Rojo, Ezequiel Garay, Augusto Fern\u00e1ndez y Rodrigo Palacio.<\/div>\n<div style=\"text-align: justify;\"><b>\u00a0<\/b><\/div>\n<div style=\"text-align: justify;\"><b>Tercera fila:<\/b>\u00a0Lucas Biglia, Ezequiel Lavezzi, \u00c1ngel Di Mar\u00eda,\u00a0Lionel Messi, Alejandro Sabella (DT), Sergio Ag\u00fcero, Maximiliano Rodr\u00edguez, Pablo Zabaleta y Fernando Gago.<\/div>\n<div style=\"text-align: justify;\"><\/div>\n<div style=\"text-align: justify;\"><a href=\"http:\/\/www.cordobatimes.com\/deportes\/wp-content\/uploads\/2014\/06\/foto_seleccion_argentina_1.jpg\"><img loading=\"lazy\" decoding=\"async\" class=\"aligncenter size-full wp-image-15188\" alt=\"foto_seleccion_argentina_1\" src=\"http:\/\/www.cordobatimes.com\/deportes\/wp-content\/uploads\/2014\/06\/foto_seleccion_argentina_1.jpg\" width=\"602\" height=\"338\" data-id=\"15188\" srcset=\"https:\/\/www.cordobatimes.com\/deportes\/wp-content\/uploads\/2014\/06\/foto_seleccion_argentina_1.jpg 602w, https:\/\/www.cordobatimes.com\/deportes\/wp-content\/uploads\/2014\/06\/foto_seleccion_argentina_1-300x168.jpg 300w\" sizes=\"auto, (max-width: 602px) 100vw, 602px\" \/><\/a> <a href=\"http:\/\/www.cordobatimes.com\/deportes\/wp-content\/uploads\/2014\/06\/foto_seleccion_argentina_2.jpg\"><img loading=\"lazy\" decoding=\"async\" class=\"aligncenter size-large wp-image-15189\" alt=\"foto_seleccion_argentina_2\" src=\"http:\/\/www.cordobatimes.com\/deportes\/wp-content\/uploads\/2014\/06\/foto_seleccion_argentina_2.jpg\" width=\"602\" height=\"338\" data-id=\"15189\" srcset=\"https:\/\/www.cordobatimes.com\/deportes\/wp-content\/uploads\/2014\/06\/foto_seleccion_argentina_2.jpg 602w, https:\/\/www.cordobatimes.com\/deportes\/wp-content\/uploads\/2014\/06\/foto_seleccion_argentina_2-300x168.jpg 300w\" sizes=\"auto, (max-width: 602px) 100vw, 602px\" \/><\/a><\/div>\n<\/div>\n","protected":false},"excerpt":{"rendered":"<p>Como protocolo previo a cada Mundial, el conjunto nacional pos\u00f3 para las c\u00e1maras e inmortaliz\u00f3 una imagen que podr\u00eda quedar en la historia. &nbsp; Cl\u00e1sico previo de cada Mundial: la\u00a0Selecci\u00f3n Argentina\u00a0pos\u00f3 para la foto oficial de la Copa del Mundo de\u00a0Brasil 2014. Los 23 integrantes de la lista junto al cuerpo t\u00e9cnico y el resto [&hellip;]<\/p>\n","protected":false},"author":1,"featured_media":15192,"comment_status":"open","ping_status":"open","sticky":false,"template":"","format":"standard","meta":{"_seopress_robots_primary_cat":"","_seopress_titles_title":"","_seopress_titles_desc":"","_seopress_robots_index":"","footnotes":""},"categories":[2,22],"tags":[33,3189,571,1999],"class_list":["post-15187","post","type-post","status-publish","format-standard","has-post-thumbnail","hentry","category-futbol","category-mundial-brasil-2014","tag-afa","tag-fotos-oficiales","tag-mundial-brasil-2014-2","tag-seleccionado-argentino"],"_links":{"self":[{"href":"https:\/\/www.cordobatimes.com\/deportes\/wp-json\/wp\/v2\/posts\/15187","targetHints":{"allow":["GET"]}}],"collection":[{"href":"https:\/\/www.cordobatimes.com\/deportes\/wp-json\/wp\/v2\/posts"}],"about":[{"href":"https:\/\/www.cordobatimes.com\/deportes\/wp-json\/wp\/v2\/types\/post"}],"author":[{"embeddable":true,"href":"https:\/\/www.cordobatimes.com\/deportes\/wp-json\/wp\/v2\/users\/1"}],"replies":[{"embeddable":true,"href":"https:\/\/www.cordobatimes.com\/deportes\/wp-json\/wp\/v2\/comments?post=15187"}],"version-history":[{"count":0,"href":"https:\/\/www.cordobatimes.com\/deportes\/wp-json\/wp\/v2\/posts\/15187\/revisions"}],"wp:featuredmedia":[{"embeddable":true,"href":"https:\/\/www.cordobatimes.com\/deportes\/wp-json\/wp\/v2\/media\/15192"}],"wp:attachment":[{"href":"https:\/\/www.cordobatimes.com\/deportes\/wp-json\/wp\/v2\/media?parent=15187"}],"wp:term":[{"taxonomy":"category","embeddable":true,"href":"https:\/\/www.cordobatimes.com\/deportes\/wp-json\/wp\/v2\/categories?post=15187"},{"taxonomy":"post_tag","embeddable":true,"href":"https:\/\/www.cordobatimes.com\/deportes\/wp-json\/wp\/v2\/tags?post=15187"}],"curies":[{"name":"wp","href":"https:\/\/api.w.org\/{rel}","templated":true}]}}