{"id":15180,"date":"2014-06-07T19:07:53","date_gmt":"2014-06-07T22:07:53","guid":{"rendered":"http:\/\/www.cordobatimes.com\/deportes\/?p=15180"},"modified":"2014-06-07T19:07:53","modified_gmt":"2014-06-07T22:07:53","slug":"se-queda-sin-mundial-por-una-lesion-marco-reus-no-jugara-para-alemania","status":"publish","type":"post","link":"https:\/\/www.cordobatimes.com\/deportes\/futbol\/2014\/06\/07\/se-queda-sin-mundial-por-una-lesion-marco-reus-no-jugara-para-alemania\/","title":{"rendered":"Se queda sin mundial por una lesi\u00f3n: Marco Reus no jugar\u00e1 para Alemania"},"content":{"rendered":"<h3><a href=\"http:\/\/www.cordobatimes.com\/deportes\/wp-content\/uploads\/2014\/06\/reus.jpg\"><img loading=\"lazy\" decoding=\"async\" class=\"aligncenter size-full wp-image-15181\" alt=\"reus\" src=\"http:\/\/www.cordobatimes.com\/deportes\/wp-content\/uploads\/2014\/06\/reus.jpg\" width=\"620\" height=\"413\" data-id=\"15181\" srcset=\"https:\/\/www.cordobatimes.com\/deportes\/wp-content\/uploads\/2014\/06\/reus.jpg 620w, https:\/\/www.cordobatimes.com\/deportes\/wp-content\/uploads\/2014\/06\/reus-300x199.jpg 300w\" sizes=\"auto, (max-width: 620px) 100vw, 620px\" \/><\/a><\/h3>\n<h3><strong>El delantero de \u00a0Borussia Dortmund se dobl\u00f3 el tobillo en el amistoso de ayer y el DT alem\u00e1n, Low, lo reemplaz\u00f3 por un defensor.<\/strong><\/h3>\n<p>&nbsp;<\/p>\n<p style=\"text-align: justify;\">Una nueva figura quedar\u00e1 marginada de la\u00a0Copa del Mundo: el alem\u00e1n Marco Reus se perder\u00e1 la pr\u00f3xima competencia tras lesionarse el tobillo izquierdo en el \u00faltimo amistoso premundialista de Alemania, en el que gole\u00f3 ayer por 6-1 a Armenia, comunic\u00f3 hoy la Federaci\u00f3n Alemana de F\u00fatbol.<\/p>\n<p style=\"text-align: justify;\">El t\u00e9cnico alem\u00e1n, Joachim L\u00f6w, nombr\u00f3 en lugar de Reus pocas horas antes de la partida del equipo a Brasil al defensor de Sampdoria Shkodran Mustafi.<\/p>\n<p style=\"text-align: justify;\">Reus podr\u00e1 volver a entrenarse probablemente en un mes y medio, se\u00f1al\u00f3 la federaci\u00f3n. &#8220;Para \u00e9l y para nosotros es sumamente lamentable&#8221;, fue la reacci\u00f3n de L\u00f6w ante la p\u00e9rdida de un talentoso protagonista del ataque germano.<\/p>\n<p style=\"text-align: justify;\">Reus, extremo izquierdo del Borussia Dortmund de 25 a\u00f1os, sufri\u00f3 en el pie izquierdo una rotura parcial del ligamento anterior de la sindesmosis.<\/p>\n<p style=\"text-align: justify;\">El jugador se dobl\u00f3 el tobillo tras chocar con Artur Yedigaryan en el minuto 44 y tuvo que ser reemplazado por Lukas Podolski. Hab\u00eda sido el protagonista de las dos principales ocasiones de gol en el primer tiempo y tuvo que salir de la cancha sin poder pisar con el pie lesionado y llorando.<\/p>\n<p style=\"text-align: justify;\">&#8220;Marco estaba en una gran forma. Jug\u00f3 un papel sobresaliente tanto en la preparaci\u00f3n como en los partidos contra Camer\u00fan y Armenia, rebozaba de ganas de jugar. Ten\u00eda un papel central en nuestro concepto para Brasil&#8221;, lament\u00f3 L\u00f6w.<\/p>\n<p><iframe loading=\"lazy\" src=\"\/\/www.youtube.com\/embed\/g_7xF2zsVss\" height=\"315\" width=\"560\" allowfullscreen=\"\" frameborder=\"0\"><\/iframe><\/p>\n","protected":false},"excerpt":{"rendered":"<p>El delantero de \u00a0Borussia Dortmund se dobl\u00f3 el tobillo en el amistoso de ayer y el DT alem\u00e1n, Low, lo reemplaz\u00f3 por un defensor. &nbsp; Una nueva figura quedar\u00e1 marginada de la\u00a0Copa del Mundo: el alem\u00e1n Marco Reus se perder\u00e1 la pr\u00f3xima competencia tras lesionarse el tobillo izquierdo en el \u00faltimo amistoso premundialista de Alemania, [&hellip;]<\/p>\n","protected":false},"author":1,"featured_media":15181,"comment_status":"open","ping_status":"open","sticky":false,"template":"","format":"standard","meta":{"_seopress_robots_primary_cat":"","_seopress_titles_title":"","_seopress_titles_desc":"","_seopress_robots_index":"","footnotes":""},"categories":[2,22],"tags":[418,3188,80],"class_list":["post-15180","post","type-post","status-publish","format-standard","has-post-thumbnail","hentry","category-futbol","category-mundial-brasil-2014","tag-alemania","tag-lesion-de-reus","tag-video"],"_links":{"self":[{"href":"https:\/\/www.cordobatimes.com\/deportes\/wp-json\/wp\/v2\/posts\/15180","targetHints":{"allow":["GET"]}}],"collection":[{"href":"https:\/\/www.cordobatimes.com\/deportes\/wp-json\/wp\/v2\/posts"}],"about":[{"href":"https:\/\/www.cordobatimes.com\/deportes\/wp-json\/wp\/v2\/types\/post"}],"author":[{"embeddable":true,"href":"https:\/\/www.cordobatimes.com\/deportes\/wp-json\/wp\/v2\/users\/1"}],"replies":[{"embeddable":true,"href":"https:\/\/www.cordobatimes.com\/deportes\/wp-json\/wp\/v2\/comments?post=15180"}],"version-history":[{"count":0,"href":"https:\/\/www.cordobatimes.com\/deportes\/wp-json\/wp\/v2\/posts\/15180\/revisions"}],"wp:featuredmedia":[{"embeddable":true,"href":"https:\/\/www.cordobatimes.com\/deportes\/wp-json\/wp\/v2\/media\/15181"}],"wp:attachment":[{"href":"https:\/\/www.cordobatimes.com\/deportes\/wp-json\/wp\/v2\/media?parent=15180"}],"wp:term":[{"taxonomy":"category","embeddable":true,"href":"https:\/\/www.cordobatimes.com\/deportes\/wp-json\/wp\/v2\/categories?post=15180"},{"taxonomy":"post_tag","embeddable":true,"href":"https:\/\/www.cordobatimes.com\/deportes\/wp-json\/wp\/v2\/tags?post=15180"}],"curies":[{"name":"wp","href":"https:\/\/api.w.org\/{rel}","templated":true}]}}