{"id":15091,"date":"2014-06-05T21:20:24","date_gmt":"2014-06-06T00:20:24","guid":{"rendered":"http:\/\/www.cordobatimes.com\/deportes\/?p=15091"},"modified":"2014-06-05T21:20:24","modified_gmt":"2014-06-06T00:20:24","slug":"broma-de-los-dirigentes-de-ajax-a-sus-jugadores-video","status":"publish","type":"post","link":"https:\/\/www.cordobatimes.com\/deportes\/futbol\/2014\/06\/05\/broma-de-los-dirigentes-de-ajax-a-sus-jugadores-video\/","title":{"rendered":"Broma de los dirigentes de Ajax a sus jugadores (video)"},"content":{"rendered":"<h3><strong><a href=\"http:\/\/www.cordobatimes.com\/deportes\/wp-content\/uploads\/2014\/06\/Ajax.jpg\"><img loading=\"lazy\" decoding=\"async\" class=\"size-full wp-image-15092 aligncenter\" alt=\"Ajax\" src=\"http:\/\/www.cordobatimes.com\/deportes\/wp-content\/uploads\/2014\/06\/Ajax.jpg\" width=\"629\" height=\"292\" data-id=\"15092\" srcset=\"https:\/\/www.cordobatimes.com\/deportes\/wp-content\/uploads\/2014\/06\/Ajax.jpg 629w, https:\/\/www.cordobatimes.com\/deportes\/wp-content\/uploads\/2014\/06\/Ajax-300x139.jpg 300w\" sizes=\"auto, (max-width: 629px) 100vw, 629px\" \/><\/a><\/strong><\/h3>\n<h3><strong>Adidas, sponsor del equipo holand\u00e9s, cit\u00f3 con el aval de las autoridades a los futbolistas para opinar sobre el nuevo modelo de camisetas. Las reacciones son m\u00e1s que divertidas, con Van der Sar y De Boer como protagonistas principales.<\/strong><\/h3>\n<p>&nbsp;<\/p>\n<p><iframe loading=\"lazy\" src=\"\/\/www.youtube.com\/embed\/cNpbS_-SDsU\" height=\"315\" width=\"560\" allowfullscreen=\"\" frameborder=\"0\"><\/iframe><\/p>\n","protected":false},"excerpt":{"rendered":"<p>Adidas, sponsor del equipo holand\u00e9s, cit\u00f3 con el aval de las autoridades a los futbolistas para opinar sobre el nuevo modelo de camisetas. Las reacciones son m\u00e1s que divertidas, con Van der Sar y De Boer como protagonistas principales. &nbsp;<\/p>\n","protected":false},"author":2,"featured_media":15092,"comment_status":"open","ping_status":"open","sticky":false,"template":"","format":"standard","meta":{"_seopress_robots_primary_cat":"","_seopress_titles_title":"","_seopress_titles_desc":"","_seopress_robots_index":"","footnotes":""},"categories":[2,18],"tags":[1787,803,3168],"class_list":["post-15091","post","type-post","status-publish","format-standard","has-post-thumbnail","hentry","category-futbol","category-futbol-internacional","tag-adidas","tag-ajax","tag-camisetas-nuevas"],"_links":{"self":[{"href":"https:\/\/www.cordobatimes.com\/deportes\/wp-json\/wp\/v2\/posts\/15091","targetHints":{"allow":["GET"]}}],"collection":[{"href":"https:\/\/www.cordobatimes.com\/deportes\/wp-json\/wp\/v2\/posts"}],"about":[{"href":"https:\/\/www.cordobatimes.com\/deportes\/wp-json\/wp\/v2\/types\/post"}],"author":[{"embeddable":true,"href":"https:\/\/www.cordobatimes.com\/deportes\/wp-json\/wp\/v2\/users\/2"}],"replies":[{"embeddable":true,"href":"https:\/\/www.cordobatimes.com\/deportes\/wp-json\/wp\/v2\/comments?post=15091"}],"version-history":[{"count":0,"href":"https:\/\/www.cordobatimes.com\/deportes\/wp-json\/wp\/v2\/posts\/15091\/revisions"}],"wp:featuredmedia":[{"embeddable":true,"href":"https:\/\/www.cordobatimes.com\/deportes\/wp-json\/wp\/v2\/media\/15092"}],"wp:attachment":[{"href":"https:\/\/www.cordobatimes.com\/deportes\/wp-json\/wp\/v2\/media?parent=15091"}],"wp:term":[{"taxonomy":"category","embeddable":true,"href":"https:\/\/www.cordobatimes.com\/deportes\/wp-json\/wp\/v2\/categories?post=15091"},{"taxonomy":"post_tag","embeddable":true,"href":"https:\/\/www.cordobatimes.com\/deportes\/wp-json\/wp\/v2\/tags?post=15091"}],"curies":[{"name":"wp","href":"https:\/\/api.w.org\/{rel}","templated":true}]}}