{"id":15073,"date":"2014-06-05T14:10:28","date_gmt":"2014-06-05T17:10:28","guid":{"rendered":"http:\/\/www.cordobatimes.com\/deportes\/?p=15073"},"modified":"2014-06-05T14:10:28","modified_gmt":"2014-06-05T17:10:28","slug":"gallardo-sera-el-nuevo-dt-de-river","status":"publish","type":"post","link":"https:\/\/www.cordobatimes.com\/deportes\/futbol\/2014\/06\/05\/gallardo-sera-el-nuevo-dt-de-river\/","title":{"rendered":"Gallardo ser\u00e1 el nuevo DT de River"},"content":{"rendered":"<p style=\"text-align: center;\"><a href=\"http:\/\/www.cordobatimes.com\/deportes\/wp-content\/uploads\/2014\/06\/Gallardo.jpg\"><img loading=\"lazy\" decoding=\"async\" class=\"size-full wp-image-15074 aligncenter\" alt=\"Gallardo\" src=\"http:\/\/www.cordobatimes.com\/deportes\/wp-content\/uploads\/2014\/06\/Gallardo.jpg\" width=\"620\" height=\"406\" data-id=\"15074\" srcset=\"https:\/\/www.cordobatimes.com\/deportes\/wp-content\/uploads\/2014\/06\/Gallardo.jpg 620w, https:\/\/www.cordobatimes.com\/deportes\/wp-content\/uploads\/2014\/06\/Gallardo-300x196.jpg 300w\" sizes=\"auto, (max-width: 620px) 100vw, 620px\" \/><\/a><\/p>\n<h3 style=\"text-align: justify;\"><b>Marcelo Gallardo ser\u00e1 presentado ma\u00f1ana de manera oficil como el nuevo entrenador de la banda. Reemplazar\u00e1 a Ram\u00f3n D\u00edaz luego de su sorpresiva salida.<\/b><\/h3>\n<p style=\"text-align: justify;\">\n<p style=\"text-align: justify;\">\n<p style=\"text-align: justify;\">El Mu\u00f1eco llegar\u00e1 a la entidad de N\u00fa\u00f1ez en reemplazo del \u201cPelado\u201d D\u00edaz, quien \u00a0renunci\u00f3 a la instituci\u00f3n Millonaria despu\u00e9s de adjudicarse el Torneo Final y la Copa Campeonato ante San Lorenzo en San Luis.<\/p>\n<p style=\"text-align: justify;\">La Comisi\u00f3n Directiva terminara de definir hoy el monto del contrato y el tiempo de v\u00ednculo del Mu\u00f1eco y su cuerpo t\u00e9cnico (es acompa\u00f1ado por Mat\u00edas Biscay y Hern\u00e1n Bujan). En este nuevo desafi\u00f3, la novedad pasa por la inclusi\u00f3n del DT de Sandra Rossi, que trabajar\u00e1 en la parte mental del plantel.<\/p>\n<p style=\"text-align: justify;\">El debut oficial ser\u00e1 el 26 de julio en Salta por la copa Argentina frente a Ferro Carril Oeste. Luego debutar\u00e1 en el campeonato local frente a Gimnasia en el primer fin de semana agosto. Por \u00faltimo, en la Copa Sudamericana el estreno de Gallardo ser\u00e1 en septiembre ante Godoy Cruz de Mendoza.<\/p>\n<p style=\"text-align: justify;\">El Mu\u00f1eco s\u00f3lo tuvo una experiencia como DT y esta fue en Nacional de Montevideo, donde se retir\u00f3 como jugador (siendo campe\u00f3n), y asumi\u00f3 como entrenador consagr\u00e1ndose en el campeonato anual del f\u00fatbol uruguayo.<\/p>\n","protected":false},"excerpt":{"rendered":"<p>Marcelo Gallardo ser\u00e1 presentado ma\u00f1ana de manera oficil como el nuevo entrenador de la banda. Reemplazar\u00e1 a Ram\u00f3n D\u00edaz luego de su sorpresiva salida. El Mu\u00f1eco llegar\u00e1 a la entidad de N\u00fa\u00f1ez en reemplazo del \u201cPelado\u201d D\u00edaz, quien \u00a0renunci\u00f3 a la instituci\u00f3n Millonaria despu\u00e9s de adjudicarse el Torneo Final y la Copa Campeonato ante San [&hellip;]<\/p>\n","protected":false},"author":15,"featured_media":15074,"comment_status":"open","ping_status":"open","sticky":false,"template":"","format":"standard","meta":{"_seopress_robots_primary_cat":"","_seopress_titles_title":"","_seopress_titles_desc":"","_seopress_robots_index":"","footnotes":""},"categories":[2,16],"tags":[33,1452,3163,361,74],"class_list":["post-15073","post","type-post","status-publish","format-standard","has-post-thumbnail","hentry","category-futbol","category-primera-division","tag-afa","tag-debut","tag-gallardo","tag-ramon-diaz","tag-river"],"_links":{"self":[{"href":"https:\/\/www.cordobatimes.com\/deportes\/wp-json\/wp\/v2\/posts\/15073","targetHints":{"allow":["GET"]}}],"collection":[{"href":"https:\/\/www.cordobatimes.com\/deportes\/wp-json\/wp\/v2\/posts"}],"about":[{"href":"https:\/\/www.cordobatimes.com\/deportes\/wp-json\/wp\/v2\/types\/post"}],"author":[{"embeddable":true,"href":"https:\/\/www.cordobatimes.com\/deportes\/wp-json\/wp\/v2\/users\/15"}],"replies":[{"embeddable":true,"href":"https:\/\/www.cordobatimes.com\/deportes\/wp-json\/wp\/v2\/comments?post=15073"}],"version-history":[{"count":0,"href":"https:\/\/www.cordobatimes.com\/deportes\/wp-json\/wp\/v2\/posts\/15073\/revisions"}],"wp:featuredmedia":[{"embeddable":true,"href":"https:\/\/www.cordobatimes.com\/deportes\/wp-json\/wp\/v2\/media\/15074"}],"wp:attachment":[{"href":"https:\/\/www.cordobatimes.com\/deportes\/wp-json\/wp\/v2\/media?parent=15073"}],"wp:term":[{"taxonomy":"category","embeddable":true,"href":"https:\/\/www.cordobatimes.com\/deportes\/wp-json\/wp\/v2\/categories?post=15073"},{"taxonomy":"post_tag","embeddable":true,"href":"https:\/\/www.cordobatimes.com\/deportes\/wp-json\/wp\/v2\/tags?post=15073"}],"curies":[{"name":"wp","href":"https:\/\/api.w.org\/{rel}","templated":true}]}}