{"id":15069,"date":"2014-06-05T12:41:44","date_gmt":"2014-06-05T15:41:44","guid":{"rendered":"http:\/\/www.cordobatimes.com\/deportes\/?p=15069"},"modified":"2014-06-05T12:41:44","modified_gmt":"2014-06-05T15:41:44","slug":"basanta-trae-garotos-la-curiosa-bandera-dedicada-al-defensor-argentino","status":"publish","type":"post","link":"https:\/\/www.cordobatimes.com\/deportes\/futbol\/2014\/06\/05\/basanta-trae-garotos-la-curiosa-bandera-dedicada-al-defensor-argentino\/","title":{"rendered":"&#8220;Basanta tra\u00e9 Garotos&#8221;, la curiosa bandera dedicada al defensor argentino"},"content":{"rendered":"<p style=\"text-align: center;\"><a href=\"http:\/\/www.cordobatimes.com\/deportes\/wp-content\/uploads\/2014\/06\/Basanta.jpg\"><img loading=\"lazy\" decoding=\"async\" class=\"size-full wp-image-15070 aligncenter\" alt=\"Basanta\" src=\"http:\/\/www.cordobatimes.com\/deportes\/wp-content\/uploads\/2014\/06\/Basanta.jpg\" width=\"598\" height=\"362\" data-id=\"15070\" srcset=\"https:\/\/www.cordobatimes.com\/deportes\/wp-content\/uploads\/2014\/06\/Basanta.jpg 598w, https:\/\/www.cordobatimes.com\/deportes\/wp-content\/uploads\/2014\/06\/Basanta-300x181.jpg 300w\" sizes=\"auto, (max-width: 598px) 100vw, 598px\" \/><\/a><\/p>\n<h3 style=\"text-align: justify;\"><b>Similar a lo ocurrido con Garc\u00e9 previo a Sud\u00e1frica 2010, en el choque de ayer, disputado en el Monumental, apareci\u00f3 una bandera con un pedido al defensor argentino.<\/b><\/h3>\n<p style=\"text-align: justify;\">\n<p style=\"text-align: justify;\">\n<p style=\"text-align: justify;\">En 2010, durante el \u00faltimo amistoso que disput\u00f3 la selecci\u00f3n dirigida por Diego Maradona previo a viajar a Sud\u00e1frica, ante Canad\u00e1 el 24 de mayo, un grupo de simpatizantes argentinos coloc\u00f3 una bandera que dec\u00eda: \u201cGarc\u00e9 tra\u00e9 alfajores\u201d, haciendo alusi\u00f3n a la inesperada convocatoria del defensor.<\/p>\n<p style=\"text-align: justify;\">Anoche, paso algo similar pero apuntado hacia el defensor Jos\u00e9 Mar\u00eda Basanta, actualmente jugador del Monterrey mexicano. Mientras se disputaba el amistoso frente a Trinidad y Tobago, en una de las tribunas apareci\u00f3 una bandera que pregonaba algo similar: \u201cBasanta tra\u00e9 Garotos\u201d.<\/p>\n<p style=\"text-align: justify;\">El jugador ha sido una fija de Alejandro Sabella y es una opci\u00f3n para ocupar el lateral izquierdo, puesto que tiene como titular a Marcos Rojo.<\/p>\n","protected":false},"excerpt":{"rendered":"<p>Similar a lo ocurrido con Garc\u00e9 previo a Sud\u00e1frica 2010, en el choque de ayer, disputado en el Monumental, apareci\u00f3 una bandera con un pedido al defensor argentino. En 2010, durante el \u00faltimo amistoso que disput\u00f3 la selecci\u00f3n dirigida por Diego Maradona previo a viajar a Sud\u00e1frica, ante Canad\u00e1 el 24 de mayo, un grupo [&hellip;]<\/p>\n","protected":false},"author":15,"featured_media":15070,"comment_status":"open","ping_status":"open","sticky":false,"template":"","format":"standard","meta":{"_seopress_robots_primary_cat":"","_seopress_titles_title":"","_seopress_titles_desc":"","_seopress_robots_index":"","footnotes":""},"categories":[2,22],"tags":[694,3162,3160,476,3161,440],"class_list":["post-15069","post","type-post","status-publish","format-standard","has-post-thumbnail","hentry","category-futbol","category-mundial-brasil-2014","tag-amistoso","tag-bandera","tag-basanta","tag-brasil-2014","tag-garce","tag-monumental"],"_links":{"self":[{"href":"https:\/\/www.cordobatimes.com\/deportes\/wp-json\/wp\/v2\/posts\/15069","targetHints":{"allow":["GET"]}}],"collection":[{"href":"https:\/\/www.cordobatimes.com\/deportes\/wp-json\/wp\/v2\/posts"}],"about":[{"href":"https:\/\/www.cordobatimes.com\/deportes\/wp-json\/wp\/v2\/types\/post"}],"author":[{"embeddable":true,"href":"https:\/\/www.cordobatimes.com\/deportes\/wp-json\/wp\/v2\/users\/15"}],"replies":[{"embeddable":true,"href":"https:\/\/www.cordobatimes.com\/deportes\/wp-json\/wp\/v2\/comments?post=15069"}],"version-history":[{"count":0,"href":"https:\/\/www.cordobatimes.com\/deportes\/wp-json\/wp\/v2\/posts\/15069\/revisions"}],"wp:featuredmedia":[{"embeddable":true,"href":"https:\/\/www.cordobatimes.com\/deportes\/wp-json\/wp\/v2\/media\/15070"}],"wp:attachment":[{"href":"https:\/\/www.cordobatimes.com\/deportes\/wp-json\/wp\/v2\/media?parent=15069"}],"wp:term":[{"taxonomy":"category","embeddable":true,"href":"https:\/\/www.cordobatimes.com\/deportes\/wp-json\/wp\/v2\/categories?post=15069"},{"taxonomy":"post_tag","embeddable":true,"href":"https:\/\/www.cordobatimes.com\/deportes\/wp-json\/wp\/v2\/tags?post=15069"}],"curies":[{"name":"wp","href":"https:\/\/api.w.org\/{rel}","templated":true}]}}