{"id":15013,"date":"2014-06-03T14:10:19","date_gmt":"2014-06-03T17:10:19","guid":{"rendered":"http:\/\/www.cordobatimes.com\/deportes\/?p=15013"},"modified":"2014-06-03T14:10:19","modified_gmt":"2014-06-03T17:10:19","slug":"talleres-peligra-la-continuidad-de-ghiso","status":"publish","type":"post","link":"https:\/\/www.cordobatimes.com\/deportes\/futbol\/2014\/06\/03\/talleres-peligra-la-continuidad-de-ghiso\/","title":{"rendered":"Talleres: peligra la continuidad de Ghiso"},"content":{"rendered":"<p style=\"text-align: center;\"><a href=\"http:\/\/www.cordobatimes.com\/deportes\/wp-content\/uploads\/2014\/06\/Ghiso.jpg\"><img loading=\"lazy\" decoding=\"async\" class=\"size-full wp-image-15014 aligncenter\" alt=\"Ghiso\" src=\"http:\/\/www.cordobatimes.com\/deportes\/wp-content\/uploads\/2014\/06\/Ghiso.jpg\" width=\"684\" height=\"466\" data-id=\"15014\" srcset=\"https:\/\/www.cordobatimes.com\/deportes\/wp-content\/uploads\/2014\/06\/Ghiso.jpg 684w, https:\/\/www.cordobatimes.com\/deportes\/wp-content\/uploads\/2014\/06\/Ghiso-300x204.jpg 300w\" sizes=\"auto, (max-width: 684px) 100vw, 684px\" \/><\/a><\/p>\n<h3 style=\"text-align: justify;\"><b>Jorge Ghiso no contar\u00eda con el aval de Escribano para permanecer en el Matador .\u00a0 Habr\u00e1 que esperar a que finalice el campeonato.<\/b><\/h3>\n<p style=\"text-align: justify;\">\n<p style=\"text-align: justify;\">\n<p style=\"text-align: justify;\">La continuidad de \u201cVitrola\u201d como DT de Talleres en el Argentino A no est\u00e1 garantizada desde el Fondo de Inversi\u00f3n. La \u201cT\u201d finaliza su participaci\u00f3n en la B Nacional cuando reciba al tambi\u00e9n ya descendido Villa San Carlos, el viernes a las 21 en el Kempes.<\/p>\n<p style=\"text-align: justify;\">Rodrigo Escribano, presidente del Fondo, ser\u00eda uno de los que no est\u00e1 muy convencido de renovarle el contrato al DT. Por su parte, Ernesto Salum manifest\u00f3 su apoyo al entrenador. A esto debemos sumarle que el mismo \u201cVitrola\u201d declar\u00f3 que ten\u00eda ganas de quedarse para devolver al albiazul a la B.<\/p>\n<p style=\"text-align: justify;\">Sobre esto, el propio Ghiso declar\u00f3: \u201cSi perd\u00e9s, no te quiere nadie. Hay que gente que debe resolver qui\u00e9nes se quedar\u00e1n y los que se ir\u00e1n. Veo dif\u00edcil sostener a este equipo si la base no se queda. Todo se har\u00e1 cuesta arriba\u201d. Habr\u00e1 que esperar la finalizaci\u00f3n del campeonato para ver que decisi\u00f3n toman los integrantes del Fondo de Inversi\u00f3n.<\/p>\n","protected":false},"excerpt":{"rendered":"<p>Jorge Ghiso no contar\u00eda con el aval de Escribano para permanecer en el Matador .\u00a0 Habr\u00e1 que esperar a que finalice el campeonato. La continuidad de \u201cVitrola\u201d como DT de Talleres en el Argentino A no est\u00e1 garantizada desde el Fondo de Inversi\u00f3n. La \u201cT\u201d finaliza su participaci\u00f3n en la B Nacional cuando reciba al [&hellip;]<\/p>\n","protected":false},"author":15,"featured_media":15014,"comment_status":"open","ping_status":"open","sticky":false,"template":"","format":"standard","meta":{"_seopress_robots_primary_cat":"","_seopress_titles_title":"","_seopress_titles_desc":"","_seopress_robots_index":"","footnotes":""},"categories":[2,17],"tags":[638,639,2328,40],"class_list":["post-15013","post","type-post","status-publish","format-standard","has-post-thumbnail","hentry","category-futbol","category-nacional-b","tag-escribano","tag-fondo-de-inversion","tag-ghiso","tag-talleres"],"_links":{"self":[{"href":"https:\/\/www.cordobatimes.com\/deportes\/wp-json\/wp\/v2\/posts\/15013","targetHints":{"allow":["GET"]}}],"collection":[{"href":"https:\/\/www.cordobatimes.com\/deportes\/wp-json\/wp\/v2\/posts"}],"about":[{"href":"https:\/\/www.cordobatimes.com\/deportes\/wp-json\/wp\/v2\/types\/post"}],"author":[{"embeddable":true,"href":"https:\/\/www.cordobatimes.com\/deportes\/wp-json\/wp\/v2\/users\/15"}],"replies":[{"embeddable":true,"href":"https:\/\/www.cordobatimes.com\/deportes\/wp-json\/wp\/v2\/comments?post=15013"}],"version-history":[{"count":0,"href":"https:\/\/www.cordobatimes.com\/deportes\/wp-json\/wp\/v2\/posts\/15013\/revisions"}],"wp:featuredmedia":[{"embeddable":true,"href":"https:\/\/www.cordobatimes.com\/deportes\/wp-json\/wp\/v2\/media\/15014"}],"wp:attachment":[{"href":"https:\/\/www.cordobatimes.com\/deportes\/wp-json\/wp\/v2\/media?parent=15013"}],"wp:term":[{"taxonomy":"category","embeddable":true,"href":"https:\/\/www.cordobatimes.com\/deportes\/wp-json\/wp\/v2\/categories?post=15013"},{"taxonomy":"post_tag","embeddable":true,"href":"https:\/\/www.cordobatimes.com\/deportes\/wp-json\/wp\/v2\/tags?post=15013"}],"curies":[{"name":"wp","href":"https:\/\/api.w.org\/{rel}","templated":true}]}}