{"id":15010,"date":"2014-06-03T13:49:51","date_gmt":"2014-06-03T16:49:51","guid":{"rendered":"http:\/\/www.cordobatimes.com\/deportes\/?p=15010"},"modified":"2014-06-03T13:49:51","modified_gmt":"2014-06-03T16:49:51","slug":"bosnia-confirmo-su-plantel-para-brasil","status":"publish","type":"post","link":"https:\/\/www.cordobatimes.com\/deportes\/futbol\/2014\/06\/03\/bosnia-confirmo-su-plantel-para-brasil\/","title":{"rendered":"Bosnia confirm\u00f3 su plantel para Brasil"},"content":{"rendered":"<p style=\"text-align: center;\"><a href=\"http:\/\/www.cordobatimes.com\/deportes\/wp-content\/uploads\/2014\/06\/Bosnia.jpg\"><img loading=\"lazy\" decoding=\"async\" class=\"size-full wp-image-15011 aligncenter\" alt=\"Bosnia\" src=\"http:\/\/www.cordobatimes.com\/deportes\/wp-content\/uploads\/2014\/06\/Bosnia.jpg\" width=\"656\" height=\"369\" data-id=\"15011\" srcset=\"https:\/\/www.cordobatimes.com\/deportes\/wp-content\/uploads\/2014\/06\/Bosnia.jpg 656w, https:\/\/www.cordobatimes.com\/deportes\/wp-content\/uploads\/2014\/06\/Bosnia-300x168.jpg 300w\" sizes=\"auto, (max-width: 656px) 100vw, 656px\" \/><\/a><\/p>\n<h3 style=\"text-align: justify;\"><b>El t\u00e9cnico de la selecci\u00f3n bosnia entreg\u00f3 la lista definitiva de jugadores que participaran de la Copa del Mundo, donde debutaran ante Argentina el 15 de junio.<\/b><\/h3>\n<p style=\"text-align: justify;\">\n<p style=\"text-align: justify;\">\n<p style=\"text-align: justify;\">Safet Susic, DT de los europeos, entreg\u00f3 la n\u00f3mina de los 23 jugadores que ser\u00e1n parte de Brasil 2014. Bosnia debutar\u00e1 ante Argentina el 15 de junio en el Estadio Maracan\u00e1, en R\u00edo de Janeiro. El encuentro ser\u00e1 v\u00e1lido por el Grupo F, donde tambi\u00e9n forman parte Ir\u00e1n y Nigeria.<\/p>\n<p style=\"text-align: justify;\">En la n\u00f3mina figuran las dos principales figuras del plantel, el delantero del Manchester City (compa\u00f1ero del Kun Ag\u00fcero), Edin Dzeko, y el mediocampista de la Roma italiana, Miralem Pjanic. Por su parte, uno de los descartados fue el experimentado defensa del Gent de B\u00e9lgica, Ervin Zukanovic (lesionado).<\/p>\n<p style=\"text-align: justify;\">Los bosnios disputar\u00e1n hoy un amistoso en la ciudad estadounidense de Chicago ante su par de M\u00e9xico.<\/p>\n<p style=\"text-align: justify;\"><b><span style=\"text-decoration: underline;\">Lista Definitiva:<\/span><\/b><b><\/p>\n<p>Arqueros:\u00a0<\/b>Asmir Begovic (Stoke City, Inglaterra), Jasmin Fejzic (Aalen, Alemania) y Asmir Avdukic (Borac Banja Luka).<br \/>\n<b><br \/>\nDefensores:<\/b>\u00a0Emir Spahic (Bayer Leverkusen, Alemania), Toni Sunjic (Zorya Lugansk, Ucrania), Sead Kolasinac (Schalke 04, Alemania), Ognjen Vranjes (Elazigspor, Turqu\u00eda), Ermin Bicakcic (Eintracht Braunschweig, Alemania) y Muhamed Besic (Ferencvaros, Hungr\u00eda).\u00a0<b><\/p>\n<p>Mediocampistas:\u00a0<\/b>Miralem Pjanic (Roma, Italia), Izet Hajrovic (Galatasaray, Turqu\u00eda), Mensur Mujdza (Friburgo, Alemania), Haris Medunjanin (Gaziantepspor, Turqu\u00eda), Senad Lulic (Lazio, Italia), Anel Hadzic (Sturm Graz, Austria) Tino Sven Susic (Hajduk Split, Croacia), Sejad Salihovic (Hoffenheim, Alemania), Zvjezdan Misimovic (Guizhou Rehne, China), Senijad Ibricic (Erciyespor, Turqu\u00eda) y Avdija Vrsajevic (Hajduk Split, Croacia).<br \/>\n<b><br \/>\nDelanteros:\u00a0<\/b>Vedad Ibisevic (Stuttgart, Alemania), Edin Dzeko (Manchester City, Inglaterra) y Edin Visca (Estanbul BB, Turqu\u00eda).<\/p>\n","protected":false},"excerpt":{"rendered":"<p>El t\u00e9cnico de la selecci\u00f3n bosnia entreg\u00f3 la lista definitiva de jugadores que participaran de la Copa del Mundo, donde debutaran ante Argentina el 15 de junio. Safet Susic, DT de los europeos, entreg\u00f3 la n\u00f3mina de los 23 jugadores que ser\u00e1n parte de Brasil 2014. Bosnia debutar\u00e1 ante Argentina el 15 de junio en [&hellip;]<\/p>\n","protected":false},"author":15,"featured_media":15011,"comment_status":"open","ping_status":"open","sticky":false,"template":"","format":"standard","meta":{"_seopress_robots_primary_cat":"","_seopress_titles_title":"","_seopress_titles_desc":"","_seopress_robots_index":"","footnotes":""},"categories":[2,22],"tags":[693,2273,108,3149,2849],"class_list":["post-15010","post","type-post","status-publish","format-standard","has-post-thumbnail","hentry","category-futbol","category-mundial-brasil-2014","tag-bosnia","tag-edin-dzeko","tag-fifa","tag-grupo-f","tag-mundial-brasil"],"_links":{"self":[{"href":"https:\/\/www.cordobatimes.com\/deportes\/wp-json\/wp\/v2\/posts\/15010","targetHints":{"allow":["GET"]}}],"collection":[{"href":"https:\/\/www.cordobatimes.com\/deportes\/wp-json\/wp\/v2\/posts"}],"about":[{"href":"https:\/\/www.cordobatimes.com\/deportes\/wp-json\/wp\/v2\/types\/post"}],"author":[{"embeddable":true,"href":"https:\/\/www.cordobatimes.com\/deportes\/wp-json\/wp\/v2\/users\/15"}],"replies":[{"embeddable":true,"href":"https:\/\/www.cordobatimes.com\/deportes\/wp-json\/wp\/v2\/comments?post=15010"}],"version-history":[{"count":0,"href":"https:\/\/www.cordobatimes.com\/deportes\/wp-json\/wp\/v2\/posts\/15010\/revisions"}],"wp:featuredmedia":[{"embeddable":true,"href":"https:\/\/www.cordobatimes.com\/deportes\/wp-json\/wp\/v2\/media\/15011"}],"wp:attachment":[{"href":"https:\/\/www.cordobatimes.com\/deportes\/wp-json\/wp\/v2\/media?parent=15010"}],"wp:term":[{"taxonomy":"category","embeddable":true,"href":"https:\/\/www.cordobatimes.com\/deportes\/wp-json\/wp\/v2\/categories?post=15010"},{"taxonomy":"post_tag","embeddable":true,"href":"https:\/\/www.cordobatimes.com\/deportes\/wp-json\/wp\/v2\/tags?post=15010"}],"curies":[{"name":"wp","href":"https:\/\/api.w.org\/{rel}","templated":true}]}}