{"id":14993,"date":"2014-06-03T10:00:26","date_gmt":"2014-06-03T13:00:26","guid":{"rendered":"http:\/\/www.cordobatimes.com\/deportes\/?p=14993"},"modified":"2014-06-03T12:03:09","modified_gmt":"2014-06-03T15:03:09","slug":"finalmente-ribery-estara-en-brasil-2014","status":"publish","type":"post","link":"https:\/\/www.cordobatimes.com\/deportes\/futbol\/2014\/06\/03\/finalmente-ribery-estara-en-brasil-2014\/","title":{"rendered":"Finalmente, Ribery estar\u00e1 en Brasil 2014"},"content":{"rendered":"<h3 style=\"text-align: justify;\"><strong><a href=\"http:\/\/www.cordobatimes.com\/deportes\/wp-content\/uploads\/2014\/06\/Ribery.jpg\"><img loading=\"lazy\" decoding=\"async\" class=\"size-full wp-image-14994 aligncenter\" alt=\"Ribery\" src=\"http:\/\/www.cordobatimes.com\/deportes\/wp-content\/uploads\/2014\/06\/Ribery.jpg\" width=\"960\" height=\"640\" data-id=\"14994\" srcset=\"https:\/\/www.cordobatimes.com\/deportes\/wp-content\/uploads\/2014\/06\/Ribery.jpg 960w, https:\/\/www.cordobatimes.com\/deportes\/wp-content\/uploads\/2014\/06\/Ribery-300x200.jpg 300w\" sizes=\"auto, (max-width: 960px) 100vw, 960px\" \/><\/a><\/strong><\/h3>\n<h3 style=\"text-align: justify;\"><strong>Pese al inconveniente f\u00edsico que lo hab\u00eda puesto en duda, el franc\u00e9s integra la n\u00f3mina de la selecci\u00f3n dirigida por Didier Deschamps. Benzema, Varane, Giroud y Pogba buscar\u00e1n ser los complementos del futbolista del Bayern Munich.<\/strong><\/h3>\n<p>&nbsp;<\/p>\n<p style=\"text-align: justify;\">El dolor en la espalda que hizo peligrar su participaci\u00f3n en la cita mundialista ya parece ser historia para uno de los mejores jugadores del mundo. Franck Ribery fue confirmado por el DT y plante\u00f3 como objetivo que &#8220;est\u00e9 listo para el encuentro con Jamaica&#8221;, que ser\u00e1 el \u00faltimo amistoso preparatorio del conjunto galo previo al inicio de la Copa.<\/p>\n<p style=\"text-align: justify;\">Adem\u00e1s del mencionado, la lista no tiene sorpresas y conjuga un plantel con nombres propios importantes, entre los que se destacan el arquero Hugo Lloris, del Tottenham, Patrice Evra, de Mancheser United, Paul Pogba, perteneciente al campe\u00f3n italiano Juventus, el marcador central del Real Madrid, Raphael Varane y los atacantes Oliver Giroud y Karim Benzema, de Arsenal y Real Madrid, respectivamente.<\/p>\n<p style=\"text-align: justify;\">La lista completa:<\/p>\n<p style=\"text-align: justify;\"><b>Arqueros:\u00a0<\/b>Hugo Lloris (Tottenham, Inglaterra), Stephane Ruffier (Saint Etienne) y Mickael Landreau (Bastia)<\/p>\n<p style=\"text-align: justify;\"><b>Defensores:<\/b>\u00a0Mathieu Debuchy (Newcastle, Inglaterra), Lucas Digne (Par\u00eds Saint Germain), Patrice Evra (Manchester United, Inglaterra), Laurent Koscielny (Arsenal, Inglaterra), Bacary Sagna (Arsenal, Inglaterra), Eliaquim Mangala (Porto, Portugal), Mamadou Sakho (Liverpool, Inglaterra), Raphael Varane (Real Madrid, Espa\u00f1a)<\/p>\n<p style=\"text-align: justify;\"><b>Mediocampistas:\u00a0<\/b>Yohan Cabaye (Par\u00eds Saint Germain), Clement Grenier (Olympique Lyon), Blaise Matuidi (Par\u00eds Saint Germain), Paul Pogba (Juventus, Italia), Rio Mavuba (Lille), Moussa Sissoko (Newcastle, Inglaterra) y Mathieu Valbuena (Olympique Marsella)<\/p>\n<p style=\"text-align: justify;\"><b>Delanteros:<\/b>\u00a0Karim Benzema (Real Madrid, Espa\u00f1a), Olivier Giroud (Arsenal, Inglaterra), Antoine Griezmann (Real Sociedad, Espa\u00f1a), Franck Ribery (Bayern Munich, Alemania), Loic Remy (Newcastle, Inglaterra).<\/p>\n","protected":false},"excerpt":{"rendered":"<p>Pese al inconveniente f\u00edsico que lo hab\u00eda puesto en duda, el franc\u00e9s integra la n\u00f3mina de la selecci\u00f3n dirigida por Didier Deschamps. Benzema, Varane, Giroud y Pogba buscar\u00e1n ser los complementos del futbolista del Bayern Munich. &nbsp; El dolor en la espalda que hizo peligrar su participaci\u00f3n en la cita mundialista ya parece ser historia [&hellip;]<\/p>\n","protected":false},"author":2,"featured_media":14994,"comment_status":"open","ping_status":"open","sticky":false,"template":"","format":"standard","meta":{"_seopress_robots_primary_cat":"","_seopress_titles_title":"","_seopress_titles_desc":"","_seopress_robots_index":"","footnotes":""},"categories":[2,22],"tags":[476,3146,366,1008],"class_list":["post-14993","post","type-post","status-publish","format-standard","has-post-thumbnail","hentry","category-futbol","category-mundial-brasil-2014","tag-brasil-2014","tag-deschamps","tag-francia","tag-ribery"],"_links":{"self":[{"href":"https:\/\/www.cordobatimes.com\/deportes\/wp-json\/wp\/v2\/posts\/14993","targetHints":{"allow":["GET"]}}],"collection":[{"href":"https:\/\/www.cordobatimes.com\/deportes\/wp-json\/wp\/v2\/posts"}],"about":[{"href":"https:\/\/www.cordobatimes.com\/deportes\/wp-json\/wp\/v2\/types\/post"}],"author":[{"embeddable":true,"href":"https:\/\/www.cordobatimes.com\/deportes\/wp-json\/wp\/v2\/users\/2"}],"replies":[{"embeddable":true,"href":"https:\/\/www.cordobatimes.com\/deportes\/wp-json\/wp\/v2\/comments?post=14993"}],"version-history":[{"count":0,"href":"https:\/\/www.cordobatimes.com\/deportes\/wp-json\/wp\/v2\/posts\/14993\/revisions"}],"wp:featuredmedia":[{"embeddable":true,"href":"https:\/\/www.cordobatimes.com\/deportes\/wp-json\/wp\/v2\/media\/14994"}],"wp:attachment":[{"href":"https:\/\/www.cordobatimes.com\/deportes\/wp-json\/wp\/v2\/media?parent=14993"}],"wp:term":[{"taxonomy":"category","embeddable":true,"href":"https:\/\/www.cordobatimes.com\/deportes\/wp-json\/wp\/v2\/categories?post=14993"},{"taxonomy":"post_tag","embeddable":true,"href":"https:\/\/www.cordobatimes.com\/deportes\/wp-json\/wp\/v2\/tags?post=14993"}],"curies":[{"name":"wp","href":"https:\/\/api.w.org\/{rel}","templated":true}]}}