{"id":14989,"date":"2014-06-03T11:22:29","date_gmt":"2014-06-03T14:22:29","guid":{"rendered":"http:\/\/www.cordobatimes.com\/deportes\/?p=14989"},"modified":"2014-06-03T11:23:02","modified_gmt":"2014-06-03T14:23:02","slug":"maradona-canto-junto-a-su-hija-dalma-video","status":"publish","type":"post","link":"https:\/\/www.cordobatimes.com\/deportes\/futbol\/2014\/06\/03\/maradona-canto-junto-a-su-hija-dalma-video\/","title":{"rendered":"Maradona cant\u00f3 junto a su hija Dalma (video)"},"content":{"rendered":"<p style=\"text-align: center;\"><strong><a href=\"http:\/\/www.cordobatimes.com\/deportes\/wp-content\/uploads\/2014\/06\/Maradona.jpg\"><img loading=\"lazy\" decoding=\"async\" class=\"size-full wp-image-14990 aligncenter\" alt=\"Maradona\" src=\"http:\/\/www.cordobatimes.com\/deportes\/wp-content\/uploads\/2014\/06\/Maradona.jpg\" width=\"632\" height=\"326\" data-id=\"14990\" srcset=\"https:\/\/www.cordobatimes.com\/deportes\/wp-content\/uploads\/2014\/06\/Maradona.jpg 632w, https:\/\/www.cordobatimes.com\/deportes\/wp-content\/uploads\/2014\/06\/Maradona-300x154.jpg 300w\" sizes=\"auto, (max-width: 632px) 100vw, 632px\" \/><\/a><\/strong><\/p>\n<p style=\"text-align: justify;\"><strong>El ex futbolista se anim\u00f3 al micr\u00f3fono y enton\u00f3 algunas estrofas en la canci\u00f3n &#8220;Grit\u00e1ndole al viento&#8221;, referida al Mundial que se nos avecina. Mir\u00e1 las im\u00e1genes.<\/strong><\/p>\n<p style=\"text-align: justify;\">\n<p style=\"text-align: justify;\">\u00a0&#8220;Grit\u00e1ndole al viento, tengo siempre la esperanza de vivir en todo momento. Cuando el amor nos alcanza no hay derrotas ni lamentos. Sigue so\u00f1ando despierto, vive a coraz\u00f3n abierto. Es lo que das&#8221;, dice el estribillo de la canci\u00f3n que conjuga el ritmo pop con los brasile\u00f1os.<\/p>\n<p style=\"text-align: justify;\">Te dejamos el video:<\/p>\n<p>\u00a0<iframe loading=\"lazy\" src=\"\/\/www.youtube.com\/embed\/kkjAxQ9sq4U\" height=\"315\" width=\"560\" allowfullscreen=\"\" frameborder=\"0\"><\/iframe><\/p>\n","protected":false},"excerpt":{"rendered":"<p>El ex futbolista se anim\u00f3 al micr\u00f3fono y enton\u00f3 algunas estrofas en la canci\u00f3n &#8220;Grit\u00e1ndole al viento&#8221;, referida al Mundial que se nos avecina. Mir\u00e1 las im\u00e1genes. \u00a0&#8220;Grit\u00e1ndole al viento, tengo siempre la esperanza de vivir en todo momento. Cuando el amor nos alcanza no hay derrotas ni lamentos. Sigue so\u00f1ando despierto, vive a coraz\u00f3n [&hellip;]<\/p>\n","protected":false},"author":2,"featured_media":14990,"comment_status":"open","ping_status":"open","sticky":false,"template":"","format":"standard","meta":{"_seopress_robots_primary_cat":"","_seopress_titles_title":"","_seopress_titles_desc":"","_seopress_robots_index":"","footnotes":""},"categories":[2],"tags":[3145,3144,372],"class_list":["post-14989","post","type-post","status-publish","format-standard","has-post-thumbnail","hentry","category-futbol","tag-apolo","tag-dalma-maradona","tag-maradona"],"_links":{"self":[{"href":"https:\/\/www.cordobatimes.com\/deportes\/wp-json\/wp\/v2\/posts\/14989","targetHints":{"allow":["GET"]}}],"collection":[{"href":"https:\/\/www.cordobatimes.com\/deportes\/wp-json\/wp\/v2\/posts"}],"about":[{"href":"https:\/\/www.cordobatimes.com\/deportes\/wp-json\/wp\/v2\/types\/post"}],"author":[{"embeddable":true,"href":"https:\/\/www.cordobatimes.com\/deportes\/wp-json\/wp\/v2\/users\/2"}],"replies":[{"embeddable":true,"href":"https:\/\/www.cordobatimes.com\/deportes\/wp-json\/wp\/v2\/comments?post=14989"}],"version-history":[{"count":0,"href":"https:\/\/www.cordobatimes.com\/deportes\/wp-json\/wp\/v2\/posts\/14989\/revisions"}],"wp:featuredmedia":[{"embeddable":true,"href":"https:\/\/www.cordobatimes.com\/deportes\/wp-json\/wp\/v2\/media\/14990"}],"wp:attachment":[{"href":"https:\/\/www.cordobatimes.com\/deportes\/wp-json\/wp\/v2\/media?parent=14989"}],"wp:term":[{"taxonomy":"category","embeddable":true,"href":"https:\/\/www.cordobatimes.com\/deportes\/wp-json\/wp\/v2\/categories?post=14989"},{"taxonomy":"post_tag","embeddable":true,"href":"https:\/\/www.cordobatimes.com\/deportes\/wp-json\/wp\/v2\/tags?post=14989"}],"curies":[{"name":"wp","href":"https:\/\/api.w.org\/{rel}","templated":true}]}}