{"id":14983,"date":"2014-06-02T20:15:53","date_gmt":"2014-06-02T23:15:53","guid":{"rendered":"http:\/\/www.cordobatimes.com\/deportes\/?p=14983"},"modified":"2014-06-02T20:15:53","modified_gmt":"2014-06-02T23:15:53","slug":"falcao-no-sera-parte-de-brasil-2014","status":"publish","type":"post","link":"https:\/\/www.cordobatimes.com\/deportes\/futbol\/2014\/06\/02\/falcao-no-sera-parte-de-brasil-2014\/","title":{"rendered":"Falcao no ser\u00e1 parte de Brasil 2014"},"content":{"rendered":"<p style=\"text-align: center;\"><a href=\"http:\/\/www.cordobatimes.com\/deportes\/wp-content\/uploads\/2014\/06\/falcao.jpg\"><img loading=\"lazy\" decoding=\"async\" class=\"size-full wp-image-14984 aligncenter\" alt=\"falcao\" src=\"http:\/\/www.cordobatimes.com\/deportes\/wp-content\/uploads\/2014\/06\/falcao.jpg\" width=\"640\" height=\"400\" data-id=\"14984\" srcset=\"https:\/\/www.cordobatimes.com\/deportes\/wp-content\/uploads\/2014\/06\/falcao.jpg 640w, https:\/\/www.cordobatimes.com\/deportes\/wp-content\/uploads\/2014\/06\/falcao-300x187.jpg 300w\" sizes=\"auto, (max-width: 640px) 100vw, 640px\" \/><\/a><\/p>\n<h3 style=\"text-align: justify;\"><b>El \u201cTigre\u201d de Santa Marta no lleg\u00f3 a recuperarse de su lesi\u00f3n ligamentaria y no ser\u00e1 parte de la lista mundialista. <\/b><\/h3>\n<p style=\"text-align: justify;\">\n<p style=\"text-align: justify;\">\n<p style=\"text-align: justify;\">Radamel Falcao Garc\u00eda ven\u00eda trabajando duramente para intentar una recuperaci\u00f3n record, luego de romperse los ligamentos 4 meses atr\u00e1s jugando para el M\u00f3naco. De esta manera, Jos\u00e9 Pekerman debi\u00f3 anunciar que Colombia se queda sin su estrella para la Copa del Mundo.<\/p>\n<p style=\"text-align: justify;\">Adem\u00e1s del Tigre, Perea y Muriel quedaron desafectados del plantel cafetero y no ser\u00e1n parte del choque del s\u00e1bado, cuando Colombia se enfrente a Jordania en cancha de San Lorenzo.<\/p>\n<p style=\"text-align: justify;\">\n<p style=\"text-align: justify;\"><b>Lista de Colombia:<\/p>\n<p>Arqueros:<\/b>\u00a0David Ospina, Camilo Vargas y Faryd Mondrag\u00f3n.<br \/>\n<b><br \/>\nDefensores:<\/b>\u00a0Abel Aguilar, Carlos S\u00e1nchez, Alexander Mej\u00eda, Aldo Ram\u00edrez, Juan Quintero, V\u00edctor Ibarbo, Juan Cuadrado, Freddy Guar\u00edn y James Rodr\u00edguez.<br \/>\n<b><br \/>\nMediocampistas:\u00a0<\/b>Mario Yepes, Cristian Zapata, Eder Balanta, Carlos Vald\u00e9s, Pablo Armero, Camilo Z\u00fa\u00f1iga y Santiago Arias.<\/p>\n<p><b>Delanteros:\u00a0<\/b>Carlos Bacca, Jackson Mart\u00ednez, Te\u00f3filo Guti\u00e9rrez y Adri\u00e1n Ramos.<\/p>\n","protected":false},"excerpt":{"rendered":"<p>El \u201cTigre\u201d de Santa Marta no lleg\u00f3 a recuperarse de su lesi\u00f3n ligamentaria y no ser\u00e1 parte de la lista mundialista. Radamel Falcao Garc\u00eda ven\u00eda trabajando duramente para intentar una recuperaci\u00f3n record, luego de romperse los ligamentos 4 meses atr\u00e1s jugando para el M\u00f3naco. De esta manera, Jos\u00e9 Pekerman debi\u00f3 anunciar que Colombia se queda [&hellip;]<\/p>\n","protected":false},"author":15,"featured_media":14984,"comment_status":"open","ping_status":"open","sticky":false,"template":"","format":"standard","meta":{"_seopress_robots_primary_cat":"","_seopress_titles_title":"","_seopress_titles_desc":"","_seopress_robots_index":"","footnotes":""},"categories":[2,22],"tags":[462,1642,3142],"class_list":["post-14983","post","type-post","status-publish","format-standard","has-post-thumbnail","hentry","category-futbol","category-mundial-brasil-2014","tag-colombia","tag-falcao","tag-lesion-de-ligamentos"],"_links":{"self":[{"href":"https:\/\/www.cordobatimes.com\/deportes\/wp-json\/wp\/v2\/posts\/14983","targetHints":{"allow":["GET"]}}],"collection":[{"href":"https:\/\/www.cordobatimes.com\/deportes\/wp-json\/wp\/v2\/posts"}],"about":[{"href":"https:\/\/www.cordobatimes.com\/deportes\/wp-json\/wp\/v2\/types\/post"}],"author":[{"embeddable":true,"href":"https:\/\/www.cordobatimes.com\/deportes\/wp-json\/wp\/v2\/users\/15"}],"replies":[{"embeddable":true,"href":"https:\/\/www.cordobatimes.com\/deportes\/wp-json\/wp\/v2\/comments?post=14983"}],"version-history":[{"count":0,"href":"https:\/\/www.cordobatimes.com\/deportes\/wp-json\/wp\/v2\/posts\/14983\/revisions"}],"wp:featuredmedia":[{"embeddable":true,"href":"https:\/\/www.cordobatimes.com\/deportes\/wp-json\/wp\/v2\/media\/14984"}],"wp:attachment":[{"href":"https:\/\/www.cordobatimes.com\/deportes\/wp-json\/wp\/v2\/media?parent=14983"}],"wp:term":[{"taxonomy":"category","embeddable":true,"href":"https:\/\/www.cordobatimes.com\/deportes\/wp-json\/wp\/v2\/categories?post=14983"},{"taxonomy":"post_tag","embeddable":true,"href":"https:\/\/www.cordobatimes.com\/deportes\/wp-json\/wp\/v2\/tags?post=14983"}],"curies":[{"name":"wp","href":"https:\/\/api.w.org\/{rel}","templated":true}]}}