{"id":14978,"date":"2014-06-02T21:00:36","date_gmt":"2014-06-03T00:00:36","guid":{"rendered":"http:\/\/www.cordobatimes.com\/deportes\/?p=14978"},"modified":"2014-06-03T12:18:17","modified_gmt":"2014-06-03T15:18:17","slug":"sosa-otamendi-y-banega-quedaron-afuera-de-los-23","status":"publish","type":"post","link":"https:\/\/www.cordobatimes.com\/deportes\/futbol\/2014\/06\/02\/sosa-otamendi-y-banega-quedaron-afuera-de-los-23\/","title":{"rendered":"Sosa, Otamendi y Banega quedaron afuera de los 23"},"content":{"rendered":"<p style=\"text-align: center;\"><a href=\"http:\/\/www.cordobatimes.com\/deportes\/wp-content\/uploads\/2014\/06\/Banega.jpg\"><img loading=\"lazy\" decoding=\"async\" class=\"size-full wp-image-14979 aligncenter\" alt=\"Banega\" src=\"http:\/\/www.cordobatimes.com\/deportes\/wp-content\/uploads\/2014\/06\/Banega.jpg\" width=\"550\" height=\"449\" data-id=\"14979\" srcset=\"https:\/\/www.cordobatimes.com\/deportes\/wp-content\/uploads\/2014\/06\/Banega.jpg 550w, https:\/\/www.cordobatimes.com\/deportes\/wp-content\/uploads\/2014\/06\/Banega-300x244.jpg 300w\" sizes=\"auto, (max-width: 550px) 100vw, 550px\" \/><\/a><\/p>\n<h3 style=\"text-align: justify;\"><strong>Alejandro Sabella oficializ\u00f3 quienes ser\u00e1n los futbolistas que estar\u00e1n en Brasil 2014. La gran sorpresa fue la exclusi\u00f3n del mediocanmpista central de Newell\u00b4s, quien perdi\u00f3 su lugar a manos de Enzo P\u00e9rez. Demichelis, Campagnaro, Ricky \u00c1lvarez y Augusto Fern\u00e1ndez finalmente se ganaron un puesto en la n\u00f3mina.<\/strong><\/h3>\n<p>&nbsp;<\/p>\n<p style=\"text-align: justify;\">El DT argentino sorprendi\u00f3 al comunicar los \u00faltimos tres que quedaron afuera de la lista de 23 jugadores que disputar\u00e1n el Mundial de Brasil. Nicol\u00e1s Otamendi, Jos\u00e9 Sosa y Ever Banega, este \u00faltimo el inesperado por todos, son los jugadores que desde esta tarde fueron desafectados del plantel mundialista.<\/p>\n<p style=\"text-align: justify;\">Otamendi, que perdi\u00f3 su lugar debido al buen momento de Mart\u00edn Demichelis, y Jos\u00e9 Sosa, de poca continuidad en el Atl\u00e9tico de Madrid, eran esperados. Lo que sacudi\u00f3 a todo el mundo del f\u00fatbol fue el corte de Banegas, quien jug\u00f3 los \u00faltimos seis meses en Newell\u00b4s, ya que este ven\u00eda siendo una fija en las convocatorias de Sabella.<\/p>\n<p style=\"text-align: justify;\">Recordemos que previamente ya hab\u00edan quedado afuera Lisandro L\u00f3pez, Gabriel Mercado, Fabi\u00e1n Rinaudo y Franco Di Santo.<\/p>\n","protected":false},"excerpt":{"rendered":"<p>Alejandro Sabella oficializ\u00f3 quienes ser\u00e1n los futbolistas que estar\u00e1n en Brasil 2014. La gran sorpresa fue la exclusi\u00f3n del mediocanmpista central de Newell\u00b4s, quien perdi\u00f3 su lugar a manos de Enzo P\u00e9rez. Demichelis, Campagnaro, Ricky \u00c1lvarez y Augusto Fern\u00e1ndez finalmente se ganaron un puesto en la n\u00f3mina. &nbsp; El DT argentino sorprendi\u00f3 al comunicar los [&hellip;]<\/p>\n","protected":false},"author":2,"featured_media":14979,"comment_status":"open","ping_status":"open","sticky":false,"template":"","format":"standard","meta":{"_seopress_robots_primary_cat":"","_seopress_titles_title":"","_seopress_titles_desc":"","_seopress_robots_index":"","footnotes":""},"categories":[2,22],"tags":[26,1854,3140,1838,3141],"class_list":["post-14978","post","type-post","status-publish","format-standard","has-post-thumbnail","hentry","category-futbol","category-mundial-brasil-2014","tag-argentina","tag-banega","tag-lista-de-sabella","tag-otamendi","tag-sosa"],"_links":{"self":[{"href":"https:\/\/www.cordobatimes.com\/deportes\/wp-json\/wp\/v2\/posts\/14978","targetHints":{"allow":["GET"]}}],"collection":[{"href":"https:\/\/www.cordobatimes.com\/deportes\/wp-json\/wp\/v2\/posts"}],"about":[{"href":"https:\/\/www.cordobatimes.com\/deportes\/wp-json\/wp\/v2\/types\/post"}],"author":[{"embeddable":true,"href":"https:\/\/www.cordobatimes.com\/deportes\/wp-json\/wp\/v2\/users\/2"}],"replies":[{"embeddable":true,"href":"https:\/\/www.cordobatimes.com\/deportes\/wp-json\/wp\/v2\/comments?post=14978"}],"version-history":[{"count":0,"href":"https:\/\/www.cordobatimes.com\/deportes\/wp-json\/wp\/v2\/posts\/14978\/revisions"}],"wp:featuredmedia":[{"embeddable":true,"href":"https:\/\/www.cordobatimes.com\/deportes\/wp-json\/wp\/v2\/media\/14979"}],"wp:attachment":[{"href":"https:\/\/www.cordobatimes.com\/deportes\/wp-json\/wp\/v2\/media?parent=14978"}],"wp:term":[{"taxonomy":"category","embeddable":true,"href":"https:\/\/www.cordobatimes.com\/deportes\/wp-json\/wp\/v2\/categories?post=14978"},{"taxonomy":"post_tag","embeddable":true,"href":"https:\/\/www.cordobatimes.com\/deportes\/wp-json\/wp\/v2\/tags?post=14978"}],"curies":[{"name":"wp","href":"https:\/\/api.w.org\/{rel}","templated":true}]}}