{"id":14971,"date":"2014-06-02T18:23:58","date_gmt":"2014-06-02T21:23:58","guid":{"rendered":"http:\/\/www.cordobatimes.com\/deportes\/?p=14971"},"modified":"2014-06-02T18:23:58","modified_gmt":"2014-06-02T21:23:58","slug":"berizzo-es-el-nuevo-tecnico-del-celta-de-vigo","status":"publish","type":"post","link":"https:\/\/www.cordobatimes.com\/deportes\/futbol\/2014\/06\/02\/berizzo-es-el-nuevo-tecnico-del-celta-de-vigo\/","title":{"rendered":"Berizzo es el nuevo t\u00e9cnico del Celta de Vigo"},"content":{"rendered":"<h3><a href=\"http:\/\/www.cordobatimes.com\/deportes\/wp-content\/uploads\/2014\/06\/Toto.jpg\"><img loading=\"lazy\" decoding=\"async\" class=\"size-full wp-image-14974 aligncenter\" alt=\"Toto\" src=\"http:\/\/www.cordobatimes.com\/deportes\/wp-content\/uploads\/2014\/06\/Toto.jpg\" width=\"619\" height=\"464\" data-id=\"14974\" srcset=\"https:\/\/www.cordobatimes.com\/deportes\/wp-content\/uploads\/2014\/06\/Toto.jpg 619w, https:\/\/www.cordobatimes.com\/deportes\/wp-content\/uploads\/2014\/06\/Toto-300x224.jpg 300w\" sizes=\"auto, (max-width: 619px) 100vw, 619px\" \/><\/a><\/h3>\n<h3 style=\"text-align: justify;\">Eduardo Berizzo fue presentado como DT del Celta. El cordob\u00e9s reemplazar\u00e1 a Luis Enrique, quien dirigir\u00e1 al Barcelona en lugar del \u201cTata\u201d Martino.<\/h3>\n<p style=\"text-align: justify;\">\n<p style=\"text-align: justify;\">El Toto asumi\u00f3 hoy como nuevo director t\u00e9cnico del Celta de Vigo. El oriundo de Cruz Alta se mostr\u00f3 contento y se confes\u00f3 admirador de Marcelo Bielsa, del cual fue ayudante del campo entre 2007 y 2010 en la selecci\u00f3n chilena.<\/p>\n<p style=\"text-align: justify;\">\u201cCon Bielsa aprend\u00ed muchas cosas que aplico. Soy admirador de su estilo\u201d, fueron las palabras de Berizzo durante la conferencia de prensa en el estadio Bala\u00eddos de Vigo. El DT lleg\u00e1 luego de dirigir al O\u00b4Higgins de Chile, y ser\u00e1 el sustituto de Luis Enrique, quien se fue al Barcelona luego del alejamiento de Gerardo Martino.<\/p>\n<p style=\"text-align: justify;\">\u201cEstoy muy contento de estar aqu\u00ed y volver a ver caras conocidas. Siempre me han tratado bien\u201d, admiti\u00f3 ex defensor que visti\u00f3 la camiseta del equipo gallego entre 2001 y 2005.<\/p>\n","protected":false},"excerpt":{"rendered":"<p>Eduardo Berizzo fue presentado como DT del Celta. El cordob\u00e9s reemplazar\u00e1 a Luis Enrique, quien dirigir\u00e1 al Barcelona en lugar del \u201cTata\u201d Martino. El Toto asumi\u00f3 hoy como nuevo director t\u00e9cnico del Celta de Vigo. El oriundo de Cruz Alta se mostr\u00f3 contento y se confes\u00f3 admirador de Marcelo Bielsa, del cual fue ayudante del [&hellip;]<\/p>\n","protected":false},"author":15,"featured_media":14974,"comment_status":"open","ping_status":"open","sticky":false,"template":"","format":"standard","meta":{"_seopress_robots_primary_cat":"","_seopress_titles_title":"","_seopress_titles_desc":"","_seopress_robots_index":"","footnotes":""},"categories":[2,18],"tags":[67,3137,3138,3139,410],"class_list":["post-14971","post","type-post","status-publish","format-standard","has-post-thumbnail","hentry","category-futbol","category-futbol-internacional","tag-barcelona","tag-berizzo","tag-celta-de-vigo","tag-marcelo-bielsa","tag-martino"],"_links":{"self":[{"href":"https:\/\/www.cordobatimes.com\/deportes\/wp-json\/wp\/v2\/posts\/14971","targetHints":{"allow":["GET"]}}],"collection":[{"href":"https:\/\/www.cordobatimes.com\/deportes\/wp-json\/wp\/v2\/posts"}],"about":[{"href":"https:\/\/www.cordobatimes.com\/deportes\/wp-json\/wp\/v2\/types\/post"}],"author":[{"embeddable":true,"href":"https:\/\/www.cordobatimes.com\/deportes\/wp-json\/wp\/v2\/users\/15"}],"replies":[{"embeddable":true,"href":"https:\/\/www.cordobatimes.com\/deportes\/wp-json\/wp\/v2\/comments?post=14971"}],"version-history":[{"count":0,"href":"https:\/\/www.cordobatimes.com\/deportes\/wp-json\/wp\/v2\/posts\/14971\/revisions"}],"wp:featuredmedia":[{"embeddable":true,"href":"https:\/\/www.cordobatimes.com\/deportes\/wp-json\/wp\/v2\/media\/14974"}],"wp:attachment":[{"href":"https:\/\/www.cordobatimes.com\/deportes\/wp-json\/wp\/v2\/media?parent=14971"}],"wp:term":[{"taxonomy":"category","embeddable":true,"href":"https:\/\/www.cordobatimes.com\/deportes\/wp-json\/wp\/v2\/categories?post=14971"},{"taxonomy":"post_tag","embeddable":true,"href":"https:\/\/www.cordobatimes.com\/deportes\/wp-json\/wp\/v2\/tags?post=14971"}],"curies":[{"name":"wp","href":"https:\/\/api.w.org\/{rel}","templated":true}]}}