{"id":14966,"date":"2014-06-02T17:49:09","date_gmt":"2014-06-02T20:49:09","guid":{"rendered":"http:\/\/www.cordobatimes.com\/deportes\/?p=14966"},"modified":"2014-06-02T17:49:09","modified_gmt":"2014-06-02T20:49:09","slug":"nadal-ya-esta-en-cuartos-de-roland-garros","status":"publish","type":"post","link":"https:\/\/www.cordobatimes.com\/deportes\/tenis\/2014\/06\/02\/nadal-ya-esta-en-cuartos-de-roland-garros\/","title":{"rendered":"Nadal ya est\u00e1 en cuartos de Roland Garros"},"content":{"rendered":"<h3><strong><a href=\"http:\/\/www.cordobatimes.com\/deportes\/wp-content\/uploads\/2014\/06\/Nadal.jpg\"><img loading=\"lazy\" decoding=\"async\" class=\"size-full wp-image-14967 aligncenter\" alt=\"Nadal\" src=\"http:\/\/www.cordobatimes.com\/deportes\/wp-content\/uploads\/2014\/06\/Nadal.jpg\" width=\"600\" height=\"325\" data-id=\"14967\" srcset=\"https:\/\/www.cordobatimes.com\/deportes\/wp-content\/uploads\/2014\/06\/Nadal.jpg 600w, https:\/\/www.cordobatimes.com\/deportes\/wp-content\/uploads\/2014\/06\/Nadal-300x162.jpg 300w\" sizes=\"auto, (max-width: 600px) 100vw, 600px\" \/><\/a><\/strong><\/h3>\n<h3 style=\"text-align: justify;\"><strong>El n\u00famero 1 del mundo sigue avanzando en el segundo Grand Slam del a\u00f1o. Esta vez, derrot\u00f3 al serbio Dusan Lajovic por 6-1, 6-2 y 6-1, meti\u00e9ndose entre los ocho mejores del certamen.\u00a0<\/strong><\/h3>\n<p style=\"text-align: justify;\">\n<p style=\"text-align: justify;\">Nadal venci\u00f3 a Lajovic (83) tras una hora y 33 minutos de juego y contin\u00faa en b\u00fasqueda de su noveno t\u00edtulo en el torneo parisino luego de las conquistas en 2005, 2006, 2007, 2008, 2010, 2011, 2012 y 2013. Su pr\u00f3ximo rival ser\u00e1 el tambi\u00e9n espa\u00f1ol David Ferrer, que dej\u00f3 en el camino al sudafricano Kevin Anderson.<\/p>\n<p style=\"text-align: justify;\">Hace exactamente un a\u00f1o, se vieron las caras pero en el partido final de Roland Garros. En ese caso, Rafa impuso su jerarqu\u00eda y poder\u00edo, sobre todo en canchas de polvo de ladrillo, qued\u00e1ndose con el duelo y tambi\u00e9n obteniendo el trofeo de campe\u00f3n.<\/p>\n","protected":false},"excerpt":{"rendered":"<p>El n\u00famero 1 del mundo sigue avanzando en el segundo Grand Slam del a\u00f1o. Esta vez, derrot\u00f3 al serbio Dusan Lajovic por 6-1, 6-2 y 6-1, meti\u00e9ndose entre los ocho mejores del certamen.\u00a0 Nadal venci\u00f3 a Lajovic (83) tras una hora y 33 minutos de juego y contin\u00faa en b\u00fasqueda de su noveno t\u00edtulo en [&hellip;]<\/p>\n","protected":false},"author":2,"featured_media":14967,"comment_status":"open","ping_status":"open","sticky":false,"template":"","format":"standard","meta":{"_seopress_robots_primary_cat":"","_seopress_titles_title":"","_seopress_titles_desc":"","_seopress_robots_index":"","footnotes":""},"categories":[4],"tags":[301,366,433,3018],"class_list":{"0":"post-14966","1":"post","2":"type-post","3":"status-publish","4":"format-standard","5":"has-post-thumbnail","6":"hentry","7":"category-tenis","9":"tag-francia","10":"tag-rafael-nadal","11":"tag-roland-garros"},"_links":{"self":[{"href":"https:\/\/www.cordobatimes.com\/deportes\/wp-json\/wp\/v2\/posts\/14966","targetHints":{"allow":["GET"]}}],"collection":[{"href":"https:\/\/www.cordobatimes.com\/deportes\/wp-json\/wp\/v2\/posts"}],"about":[{"href":"https:\/\/www.cordobatimes.com\/deportes\/wp-json\/wp\/v2\/types\/post"}],"author":[{"embeddable":true,"href":"https:\/\/www.cordobatimes.com\/deportes\/wp-json\/wp\/v2\/users\/2"}],"replies":[{"embeddable":true,"href":"https:\/\/www.cordobatimes.com\/deportes\/wp-json\/wp\/v2\/comments?post=14966"}],"version-history":[{"count":0,"href":"https:\/\/www.cordobatimes.com\/deportes\/wp-json\/wp\/v2\/posts\/14966\/revisions"}],"wp:featuredmedia":[{"embeddable":true,"href":"https:\/\/www.cordobatimes.com\/deportes\/wp-json\/wp\/v2\/media\/14967"}],"wp:attachment":[{"href":"https:\/\/www.cordobatimes.com\/deportes\/wp-json\/wp\/v2\/media?parent=14966"}],"wp:term":[{"taxonomy":"category","embeddable":true,"href":"https:\/\/www.cordobatimes.com\/deportes\/wp-json\/wp\/v2\/categories?post=14966"},{"taxonomy":"post_tag","embeddable":true,"href":"https:\/\/www.cordobatimes.com\/deportes\/wp-json\/wp\/v2\/tags?post=14966"}],"curies":[{"name":"wp","href":"https:\/\/api.w.org\/{rel}","templated":true}]}}