{"id":14949,"date":"2014-06-02T16:00:03","date_gmt":"2014-06-02T19:00:03","guid":{"rendered":"http:\/\/www.cordobatimes.com\/deportes\/?p=14949"},"modified":"2014-06-02T17:19:11","modified_gmt":"2014-06-02T20:19:11","slug":"alemania-ya-tiene-a-los-23-mundialistas","status":"publish","type":"post","link":"https:\/\/www.cordobatimes.com\/deportes\/futbol\/2014\/06\/02\/alemania-ya-tiene-a-los-23-mundialistas\/","title":{"rendered":"Alemania ya tiene a los 23 mundialistas"},"content":{"rendered":"<p style=\"text-align: center;\"><a href=\"http:\/\/www.cordobatimes.com\/deportes\/wp-content\/uploads\/2014\/06\/Alemania.jpg\"><img loading=\"lazy\" decoding=\"async\" class=\"size-full wp-image-14950 aligncenter\" alt=\"Alemania\" src=\"http:\/\/www.cordobatimes.com\/deportes\/wp-content\/uploads\/2014\/06\/Alemania.jpg\" width=\"600\" height=\"450\" data-id=\"14950\" srcset=\"https:\/\/www.cordobatimes.com\/deportes\/wp-content\/uploads\/2014\/06\/Alemania.jpg 600w, https:\/\/www.cordobatimes.com\/deportes\/wp-content\/uploads\/2014\/06\/Alemania-300x225.jpg 300w\" sizes=\"auto, (max-width: 600px) 100vw, 600px\" \/><\/a><\/p>\n<h3 style=\"text-align: justify;\"><b>Joachim Low, DT del seleccionado alem\u00e1n, dio a conocer la lista de los jugadores que disputaran el Mundial de Brasil 2014. Volland, Schmelzer y Mustafi\u00a0quedaron\u00a0afuera.<\/b><\/h3>\n<h3 style=\"text-align: justify;\"><\/h3>\n<p style=\"text-align: justify;\">\n<p style=\"text-align: justify;\">Con las aspiraciones de volver a conquistar un t\u00edtulo mundial, el seleccionador germano entreg\u00f3 la lista con la n\u00f3mina de 23 jugadores que disputaran la Copa del Mundo. La novedad pasa por la solitaria presencia de Miroslav Klose como \u00fanico nueve de \u00e1rea. El jugador nacido en Polonia est\u00e1 a dos tantos \u00a0de sel el m\u00e1ximo goleador en la historia de los mundiales.<\/p>\n<p style=\"text-align: justify;\">En el \u00faltimo corte el DT margin\u00f3 al punta Kevin Volland (Hoffenheim), el lateral Marcel Schmelzer (Borussia Dortmund) y el central Shkodran Mustafi (Sampdoria). En la vereda de enfrente, incluy\u00f3 Sami Khedira, quien hace siete meses sufri\u00f3 la ruptura de ligamentos y ayer volvi\u00f3 a la selecci\u00f3n en el amistoso ante Camer\u00fan. Su vuelta oficial hab\u00eda sido en la final de la Champions League jugando para el Real Madrid.<\/p>\n<p style=\"text-align: justify;\"><strong>Lista Final<\/strong>:<\/p>\n<p style=\"text-align: justify;\">Porteros: Manuel Neuer (Bayern), Roman Weidenfeller (Borussia Dortmund) y Ron-Robert Zieler (Hannover 96).<\/p>\n<p>Defensas: Jerome Boateng, Philipp Lahm (Bayern), Erik Durm, Kevin Grosskreutz, Mats Hummels (Borussia Dortmund), Benedikt H\u00f6wedes (Schalke) y Per Mertesacker (Arsenal).<\/p>\n<p>Centrocampistas: Julian Draxler (Schalke), Matthias Ginter (Friburgo), Mario G\u00f6tze, Toni Kroos, Thomas M\u00fcller, Bastian Schweinsteiger (Bayern), Sami Khedira (Real Madrid), Christoph Kramer (Borussia M\u00f6nchengladbach), Mesut \u00d6zil (Arsenal) y Andr\u00e9 Sch\u00fcrrle (Chelsea).<\/p>\n<p>Delanteros: Lukas Podolski (Arsenal), Marco Reus (Borussia Dortmund) y Miroslav Klose (Lazio).<\/p>\n","protected":false},"excerpt":{"rendered":"<p>Joachim Low, DT del seleccionado alem\u00e1n, dio a conocer la lista de los jugadores que disputaran el Mundial de Brasil 2014. Volland, Schmelzer y Mustafi\u00a0quedaron\u00a0afuera. Con las aspiraciones de volver a conquistar un t\u00edtulo mundial, el seleccionador germano entreg\u00f3 la lista con la n\u00f3mina de 23 jugadores que disputaran la Copa del Mundo. La novedad [&hellip;]<\/p>\n","protected":false},"author":15,"featured_media":14950,"comment_status":"open","ping_status":"open","sticky":false,"template":"","format":"standard","meta":{"_seopress_robots_primary_cat":"","_seopress_titles_title":"","_seopress_titles_desc":"","_seopress_robots_index":"","footnotes":""},"categories":[2,22],"tags":[418,125,108,3131,60],"class_list":["post-14949","post","type-post","status-publish","format-standard","has-post-thumbnail","hentry","category-futbol","category-mundial-brasil-2014","tag-alemania","tag-brasil","tag-fifa","tag-lista-final","tag-mundial"],"_links":{"self":[{"href":"https:\/\/www.cordobatimes.com\/deportes\/wp-json\/wp\/v2\/posts\/14949","targetHints":{"allow":["GET"]}}],"collection":[{"href":"https:\/\/www.cordobatimes.com\/deportes\/wp-json\/wp\/v2\/posts"}],"about":[{"href":"https:\/\/www.cordobatimes.com\/deportes\/wp-json\/wp\/v2\/types\/post"}],"author":[{"embeddable":true,"href":"https:\/\/www.cordobatimes.com\/deportes\/wp-json\/wp\/v2\/users\/15"}],"replies":[{"embeddable":true,"href":"https:\/\/www.cordobatimes.com\/deportes\/wp-json\/wp\/v2\/comments?post=14949"}],"version-history":[{"count":0,"href":"https:\/\/www.cordobatimes.com\/deportes\/wp-json\/wp\/v2\/posts\/14949\/revisions"}],"wp:featuredmedia":[{"embeddable":true,"href":"https:\/\/www.cordobatimes.com\/deportes\/wp-json\/wp\/v2\/media\/14950"}],"wp:attachment":[{"href":"https:\/\/www.cordobatimes.com\/deportes\/wp-json\/wp\/v2\/media?parent=14949"}],"wp:term":[{"taxonomy":"category","embeddable":true,"href":"https:\/\/www.cordobatimes.com\/deportes\/wp-json\/wp\/v2\/categories?post=14949"},{"taxonomy":"post_tag","embeddable":true,"href":"https:\/\/www.cordobatimes.com\/deportes\/wp-json\/wp\/v2\/tags?post=14949"}],"curies":[{"name":"wp","href":"https:\/\/api.w.org\/{rel}","templated":true}]}}