{"id":14919,"date":"2014-06-01T18:50:21","date_gmt":"2014-06-01T21:50:21","guid":{"rendered":"http:\/\/www.cordobatimes.com\/deportes\/?p=14919"},"modified":"2014-06-01T18:50:21","modified_gmt":"2014-06-01T21:50:21","slug":"amistoso-entre-mexico-y-ecuador-dejo-tres-lesionados-video","status":"publish","type":"post","link":"https:\/\/www.cordobatimes.com\/deportes\/futbol\/2014\/06\/01\/amistoso-entre-mexico-y-ecuador-dejo-tres-lesionados-video\/","title":{"rendered":"Amistoso entre M\u00e9xico y Ecuador dej\u00f3 tres lesionados (Video)"},"content":{"rendered":"<h3 style=\"text-align: justify;\"><strong><a href=\"http:\/\/www.cordobatimes.com\/deportes\/wp-content\/uploads\/2014\/06\/mexico_ecuador_lesionados.jpg\"><img loading=\"lazy\" decoding=\"async\" class=\"alignnone  wp-image-14922\" style=\"margin: 5px;\" alt=\"mexico_ecuador_lesionados\" src=\"http:\/\/www.cordobatimes.com\/deportes\/wp-content\/uploads\/2014\/06\/mexico_ecuador_lesionados.jpg\" width=\"630\" height=\"350\" data-id=\"14922\" \/><\/a>Los aztecas ganaron 3 a 1 en Texas, pero el resultado pas\u00f3 a segundo plano luego de que Luis Montes sufriera una lesi\u00f3n que lo deja afuera del Mundial. El mediocampista mexicano fue a trabar con Segundo Castillo y sufri\u00f3 una fractura de tibia y peron\u00e9, mientras que el ecuatoriano se lastim\u00f3 la rodilla y tambi\u00e9n se podr\u00eda perder la Copa. Otro que tuvo que salir antes fue Rafa M\u00e1rquez, por un golpe en el pie derecho.<\/strong><\/h3>\n<p>&nbsp;<\/p>\n<p style=\"text-align: justify;\">En uno de los amistosos preparativos para el Mundial de Brasil 2014, M\u00e9xico y Ecuador se enfrentaron en Texas (EE. UU.) y disputaron un partido para el olvido con un saldo de tres lesionados, a tan solo 11 d\u00edas de iniciar la competencia.<\/p>\n<p style=\"text-align: justify;\">Los aztecas se impusieron por 3 a 1 ante la tricolor, pero el resultado termin\u00f3 siendo una an\u00e9cdota luego de que se lesionaran el mexicano Luis Montes, quien se llev\u00f3 la pero parte, y el ecuatoriano Segundo Castillo. El tr\u00e1gico accidente sucedi\u00f3 a los 35 minutos, cuando ambos jugadores fueron a trabar mal y terminaron con fractura de tibia y peron\u00e9, el primero, y una fuerte contusi\u00f3n en la rodilla, el otro.<\/p>\n<p style=\"text-align: justify;\">Lamentablemente Montes, mediocampista del Le\u00f3n, se perder\u00e1 la Copa del Mundo y ya anunciaron que su reemplazante en la lista va a ser Javier Aquino. Con respecto a Castillo, todav\u00eda no se sabe la gravedad de su lesi\u00f3n, pero podr\u00eda ser una distensi\u00f3n de ligamento, por lo cual tambi\u00e9n correr\u00eda riesgo su participaci\u00f3n en el certamen mundial.<\/p>\n<p style=\"text-align: center;\"><a href=\"http:\/\/www.cordobatimes.com\/deportes\/wp-content\/uploads\/2014\/06\/montes-castillo.jpg\"><img loading=\"lazy\" decoding=\"async\" class=\"size-full wp-image-14923 aligncenter\" alt=\"montes-castillo\" src=\"http:\/\/www.cordobatimes.com\/deportes\/wp-content\/uploads\/2014\/06\/montes-castillo.jpg\" width=\"642\" height=\"366\" data-id=\"14923\" srcset=\"https:\/\/www.cordobatimes.com\/deportes\/wp-content\/uploads\/2014\/06\/montes-castillo.jpg 642w, https:\/\/www.cordobatimes.com\/deportes\/wp-content\/uploads\/2014\/06\/montes-castillo-300x171.jpg 300w, https:\/\/www.cordobatimes.com\/deportes\/wp-content\/uploads\/2014\/06\/montes-castillo-305x175.jpg 305w\" sizes=\"auto, (max-width: 642px) 100vw, 642px\" \/><\/a><\/p>\n<p style=\"text-align: justify;\">Otro que tuvo que salir antes, en el primer tiempo, fue Rafa M\u00e1rquez, quien sufri\u00f3 un traumatismo en el pie derecho y estar\u00e1 entre algodones hasta el viaje a Brasil. Seg\u00fan informaron se tratar\u00eda de una fisura provocada por un choque con Fidel Mart\u00ednez.<\/p>\n<p style=\"text-align: justify;\">Los goles del encuentro los marcaron el mismo Montes, con un lindo zurdazo a los 32 minutos. Luego, su reemplazante Marco Fabi\u00e1n anotar\u00eda el segundo a los 23 del segundo tiempo y el tercero fue del arquero Banguera en contra, tras un remate de Dos Santos, ocho minutos despu\u00e9s ; el descuento lleg\u00f3 a trav\u00e9s de\u00a0Enner Valencia para los ecuatorianos, a doce del final. Datos que sin duda pasaron a segundo plano por las grandes p\u00e9rdidas para estas dos selecciones.<\/p>\n<p style=\"text-align: justify;\"><strong>Mir\u00e1 el momento de las terribles lesiones y todos los goles del partido<\/strong><\/p>\n<p><iframe loading=\"lazy\" src=\"\/\/www.youtube.com\/embed\/OPrf-sVgnRk\" height=\"315\" width=\"560\" allowfullscreen=\"\" frameborder=\"0\"><\/iframe><\/p>\n","protected":false},"excerpt":{"rendered":"<p>Los aztecas ganaron 3 a 1 en Texas, pero el resultado pas\u00f3 a segundo plano luego de que Luis Montes sufriera una lesi\u00f3n que lo deja afuera del Mundial. El mediocampista mexicano fue a trabar con Segundo Castillo y sufri\u00f3 una fractura de tibia y peron\u00e9, mientras que el ecuatoriano se lastim\u00f3 la rodilla y [&hellip;]<\/p>\n","protected":false},"author":5,"featured_media":14922,"comment_status":"open","ping_status":"open","sticky":false,"template":"","format":"standard","meta":{"_seopress_robots_primary_cat":"","_seopress_titles_title":"","_seopress_titles_desc":"","_seopress_robots_index":"","footnotes":""},"categories":[2,18,22],"tags":[694,642,3121,444,3123,604,571,3125,3124],"class_list":["post-14919","post","type-post","status-publish","format-standard","has-post-thumbnail","hentry","category-futbol","category-futbol-internacional","category-mundial-brasil-2014","tag-amistoso","tag-ecuador","tag-fractura","tag-lesionados","tag-luis-montes","tag-mexico","tag-mundial-brasil-2014-2","tag-rafa-marquez","tag-segundo-castillo"],"_links":{"self":[{"href":"https:\/\/www.cordobatimes.com\/deportes\/wp-json\/wp\/v2\/posts\/14919","targetHints":{"allow":["GET"]}}],"collection":[{"href":"https:\/\/www.cordobatimes.com\/deportes\/wp-json\/wp\/v2\/posts"}],"about":[{"href":"https:\/\/www.cordobatimes.com\/deportes\/wp-json\/wp\/v2\/types\/post"}],"author":[{"embeddable":true,"href":"https:\/\/www.cordobatimes.com\/deportes\/wp-json\/wp\/v2\/users\/5"}],"replies":[{"embeddable":true,"href":"https:\/\/www.cordobatimes.com\/deportes\/wp-json\/wp\/v2\/comments?post=14919"}],"version-history":[{"count":0,"href":"https:\/\/www.cordobatimes.com\/deportes\/wp-json\/wp\/v2\/posts\/14919\/revisions"}],"wp:featuredmedia":[{"embeddable":true,"href":"https:\/\/www.cordobatimes.com\/deportes\/wp-json\/wp\/v2\/media\/14922"}],"wp:attachment":[{"href":"https:\/\/www.cordobatimes.com\/deportes\/wp-json\/wp\/v2\/media?parent=14919"}],"wp:term":[{"taxonomy":"category","embeddable":true,"href":"https:\/\/www.cordobatimes.com\/deportes\/wp-json\/wp\/v2\/categories?post=14919"},{"taxonomy":"post_tag","embeddable":true,"href":"https:\/\/www.cordobatimes.com\/deportes\/wp-json\/wp\/v2\/tags?post=14919"}],"curies":[{"name":"wp","href":"https:\/\/api.w.org\/{rel}","templated":true}]}}