{"id":14860,"date":"2014-05-31T17:08:44","date_gmt":"2014-05-31T20:08:44","guid":{"rendered":"http:\/\/www.cordobatimes.com\/deportes\/?p=14860"},"modified":"2014-05-31T17:08:44","modified_gmt":"2014-05-31T20:08:44","slug":"ribery-llegaria-con-lo-justo-al-mundial","status":"publish","type":"post","link":"https:\/\/www.cordobatimes.com\/deportes\/futbol\/2014\/05\/31\/ribery-llegaria-con-lo-justo-al-mundial\/","title":{"rendered":"Ribery llegar\u00eda con lo justo al Mundial"},"content":{"rendered":"<h3><a href=\"http:\/\/www.cordobatimes.com\/deportes\/wp-content\/uploads\/2014\/05\/ribery.jpg\"><img loading=\"lazy\" decoding=\"async\" class=\"size-full wp-image-14861 aligncenter\" alt=\"ribery\" src=\"http:\/\/www.cordobatimes.com\/deportes\/wp-content\/uploads\/2014\/05\/ribery.jpg\" width=\"611\" height=\"458\" data-id=\"14861\" srcset=\"https:\/\/www.cordobatimes.com\/deportes\/wp-content\/uploads\/2014\/05\/ribery.jpg 611w, https:\/\/www.cordobatimes.com\/deportes\/wp-content\/uploads\/2014\/05\/ribery-300x224.jpg 300w\" sizes=\"auto, (max-width: 611px) 100vw, 611px\" \/><\/a><\/h3>\n<h3 style=\"text-align: justify;\">El jugador del Bayern Munich sufre un fuerte dolor en la espalda y fue sometido a estudios m\u00e9dicos en Par\u00eds. Conf\u00edan que llegar\u00eda a Brasil 2014.<\/h3>\n<p style=\"text-align: justify;\">\n<p style=\"text-align: justify;\">Frank Ribery se realiz\u00f3 estudios debido a una lesi\u00f3n que sufre en la espalda y que lo dejo afuera del amistoso del mi\u00e9rcoles, en el cual Francia derrot\u00f3 a Noruega por 4 a 0. Tambi\u00e9n se perder\u00e1 el choque de ma\u00f1ana ante Paraguay.<\/p>\n<p style=\"text-align: justify;\">Seg\u00fan lo indico el cuerpo m\u00e9dico de la selecci\u00f3n gala, el jugador mantiene una molestia en la espalda que \u201cle impide movilizarse al ciento por ciento\u201d. La situaci\u00f3n es preocupante, aunque desde la Federaci\u00f3n Francesa de F\u00fatbol conf\u00edan en que llegar\u00eda en condiciones a la cita mundialista.<\/p>\n<p style=\"text-align: justify;\">La lesi\u00f3n de Ribery se suma a las molestias de Raphael Varane y Karim Benzema, campeones de la Champions League con el Real Madrid.<\/p>\n","protected":false},"excerpt":{"rendered":"<p>El jugador del Bayern Munich sufre un fuerte dolor en la espalda y fue sometido a estudios m\u00e9dicos en Par\u00eds. Conf\u00edan que llegar\u00eda a Brasil 2014. Frank Ribery se realiz\u00f3 estudios debido a una lesi\u00f3n que sufre en la espalda y que lo dejo afuera del amistoso del mi\u00e9rcoles, en el cual Francia derrot\u00f3 a [&hellip;]<\/p>\n","protected":false},"author":15,"featured_media":14861,"comment_status":"open","ping_status":"open","sticky":false,"template":"","format":"standard","meta":{"_seopress_robots_primary_cat":"","_seopress_titles_title":"","_seopress_titles_desc":"","_seopress_robots_index":"","footnotes":""},"categories":[2,22],"tags":[694,366,368,749,1008],"class_list":["post-14860","post","type-post","status-publish","format-standard","has-post-thumbnail","hentry","category-futbol","category-mundial-brasil-2014","tag-amistoso","tag-francia","tag-lesion","tag-paraguay","tag-ribery"],"_links":{"self":[{"href":"https:\/\/www.cordobatimes.com\/deportes\/wp-json\/wp\/v2\/posts\/14860","targetHints":{"allow":["GET"]}}],"collection":[{"href":"https:\/\/www.cordobatimes.com\/deportes\/wp-json\/wp\/v2\/posts"}],"about":[{"href":"https:\/\/www.cordobatimes.com\/deportes\/wp-json\/wp\/v2\/types\/post"}],"author":[{"embeddable":true,"href":"https:\/\/www.cordobatimes.com\/deportes\/wp-json\/wp\/v2\/users\/15"}],"replies":[{"embeddable":true,"href":"https:\/\/www.cordobatimes.com\/deportes\/wp-json\/wp\/v2\/comments?post=14860"}],"version-history":[{"count":0,"href":"https:\/\/www.cordobatimes.com\/deportes\/wp-json\/wp\/v2\/posts\/14860\/revisions"}],"wp:featuredmedia":[{"embeddable":true,"href":"https:\/\/www.cordobatimes.com\/deportes\/wp-json\/wp\/v2\/media\/14861"}],"wp:attachment":[{"href":"https:\/\/www.cordobatimes.com\/deportes\/wp-json\/wp\/v2\/media?parent=14860"}],"wp:term":[{"taxonomy":"category","embeddable":true,"href":"https:\/\/www.cordobatimes.com\/deportes\/wp-json\/wp\/v2\/categories?post=14860"},{"taxonomy":"post_tag","embeddable":true,"href":"https:\/\/www.cordobatimes.com\/deportes\/wp-json\/wp\/v2\/tags?post=14860"}],"curies":[{"name":"wp","href":"https:\/\/api.w.org\/{rel}","templated":true}]}}