{"id":14849,"date":"2014-05-31T16:18:33","date_gmt":"2014-05-31T19:18:33","guid":{"rendered":"http:\/\/www.cordobatimes.com\/deportes\/?p=14849"},"modified":"2014-05-31T16:21:54","modified_gmt":"2014-05-31T19:21:54","slug":"uruguay-tabarez-confirmo-los-23-que-iran-la-mundial","status":"publish","type":"post","link":"https:\/\/www.cordobatimes.com\/deportes\/futbol\/2014\/05\/31\/uruguay-tabarez-confirmo-los-23-que-iran-la-mundial\/","title":{"rendered":"Uruguay: Tab\u00e1rez confirm\u00f3 los 23 que ir\u00e1n al Mundial"},"content":{"rendered":"<p style=\"text-align: center;\"><a href=\"http:\/\/www.cordobatimes.com\/deportes\/wp-content\/uploads\/2014\/05\/Tabarez.jpg\"><img loading=\"lazy\" decoding=\"async\" class=\"size-full wp-image-14850 aligncenter\" alt=\"Tabarez\" src=\"http:\/\/www.cordobatimes.com\/deportes\/wp-content\/uploads\/2014\/05\/Tabarez.jpg\" width=\"600\" height=\"400\" data-id=\"14850\" srcset=\"https:\/\/www.cordobatimes.com\/deportes\/wp-content\/uploads\/2014\/05\/Tabarez.jpg 600w, https:\/\/www.cordobatimes.com\/deportes\/wp-content\/uploads\/2014\/05\/Tabarez-300x200.jpg 300w\" sizes=\"auto, (max-width: 600px) 100vw, 600px\" \/><\/a><\/p>\n<h3 style=\"text-align: justify;\"><b>El \u201cMaestro\u201d dio la lista definitiva de los jugadores que participaran en el mundial de Brasil 2014. Silva y Eguren, fueron los \u00faltimos en ser quitados de la n\u00f3mina.<\/b><\/h3>\n<h3 style=\"text-align: justify;\"><\/h3>\n<p style=\"text-align: justify;\">Oscar Washington T\u00e1barez dio a conocer la lista de 23 futbolistas del seleccionado uruguayo para el mundial. Alejandro Silva, mediocampista de Lan\u00fas, y Sebasti\u00e1n Eguren quedaron afuera.<\/p>\n<p style=\"text-align: justify;\">De esta manera el DT mantiene la base del plantel que termino en cuarta posici\u00f3n en el Mundial de Sud\u00e1frica 2010. Solo faltan siete integrantes de aquella delegaci\u00f3n, entre los que podemos destacar la del delantero de Rosario Central, Sebasti\u00e1n Abreu.<\/p>\n<p style=\"text-align: justify;\"><b><\/b><b><span style=\"text-decoration: underline;\">LISTA DE 23 JUGADORES<\/span><\/b><\/p>\n<p style=\"text-align: justify;\"><em id=\"__mceDel\"><br \/>\n<b>ARQUEROS<\/b><br \/>\nFERNANDO MUSLERA (Glatasaray) &#8211; Turqu\u00eda<br \/>\nMART\u00cdN SILVA (Vasco Da Gama) &#8211; Brasil<br \/>\nRODRIGO MU\u00d1OZ (Libertad) \u00a0Paraguay<br \/>\n<b><br \/>\nDEFENSORES<br \/>\n<\/b>DIEGO LUGANO (West Bromwich) &#8211; Inglaterra<br \/>\nDIEGO GOD\u00cdN (Atl\u00e9tico de Madrid) &#8211; Espa\u00f1a<br \/>\nJOS\u00c9 MAR\u00cdA GIM\u00c9NEZ (Atl\u00e9tico de Madrid) &#8211; Espa\u00f1a<br \/>\nMART\u00cdN C\u00c1CERES (Juventus) &#8211; Italia<br \/>\nMAXIMILIANO PEREIRA (Benfica) &#8211; Portugal<br \/>\nJORGE FUCILE (Porto) &#8211; Portugal<br \/>\nSEBASTI\u00c1N COATES (Nacional) &#8211; Uruguay.<\/p>\n<p><b>MEDIOCAMPISTAS<\/b><br \/>\nEGIDIO AR\u00c9VALO R\u00cdOS (Morelia) &#8211; M\u00e9xico<br \/>\nWALTER GARGANO (Parma) &#8211; Italia<br \/>\nDIEGO P\u00c9REZ (Bologna) &#8211; Italia<br \/>\n\u00c1LVARO GONZ\u00c1LEZ (Lazio) &#8211; Italia<br \/>\n\u00c1LVARO PEREIRA (San Pablo) &#8211; Brasil<br \/>\nCRISTIAN RODR\u00cdGUEZ (Atl\u00e9tico de Madrid) &#8211; Espa\u00f1a<br \/>\nGAST\u00d3N RAM\u00cdREZ (Southampton) &#8211; Inglaterra<br \/>\nNICOL\u00c1S LODEIRO (Botafogo) &#8211; Brasil<\/p>\n<p><b>DELANTEROS<\/b><br \/>\nEDINSON CAVANI (PSG) &#8211; Francia<br \/>\nLUIS SU\u00c1REZ (Liverpool) \u00a0Inglaterra<br \/>\nDIEGO FORL\u00c1N (Cerezo Osaka) &#8211; Jap\u00f3n<br \/>\nABEL HERN\u00c1NDEZ (Palermno) &#8211; Italia<br \/>\nCRISTIAN STUANI (Espanyol) &#8211; Espa\u00f1a<\/em><\/p>\n","protected":false},"excerpt":{"rendered":"<p>El \u201cMaestro\u201d dio la lista definitiva de los jugadores que participaran en el mundial de Brasil 2014. Silva y Eguren, fueron los \u00faltimos en ser quitados de la n\u00f3mina. Oscar Washington T\u00e1barez dio a conocer la lista de 23 futbolistas del seleccionado uruguayo para el mundial. Alejandro Silva, mediocampista de Lan\u00fas, y Sebasti\u00e1n Eguren quedaron [&hellip;]<\/p>\n","protected":false},"author":15,"featured_media":14850,"comment_status":"open","ping_status":"open","sticky":false,"template":"","format":"standard","meta":{"_seopress_robots_primary_cat":"","_seopress_titles_title":"","_seopress_titles_desc":"","_seopress_robots_index":"","footnotes":""},"categories":[2,22],"tags":[108,571,3114,316],"class_list":["post-14849","post","type-post","status-publish","format-standard","has-post-thumbnail","hentry","category-futbol","category-mundial-brasil-2014","tag-fifa","tag-mundial-brasil-2014-2","tag-tabarez","tag-uruguay"],"_links":{"self":[{"href":"https:\/\/www.cordobatimes.com\/deportes\/wp-json\/wp\/v2\/posts\/14849","targetHints":{"allow":["GET"]}}],"collection":[{"href":"https:\/\/www.cordobatimes.com\/deportes\/wp-json\/wp\/v2\/posts"}],"about":[{"href":"https:\/\/www.cordobatimes.com\/deportes\/wp-json\/wp\/v2\/types\/post"}],"author":[{"embeddable":true,"href":"https:\/\/www.cordobatimes.com\/deportes\/wp-json\/wp\/v2\/users\/15"}],"replies":[{"embeddable":true,"href":"https:\/\/www.cordobatimes.com\/deportes\/wp-json\/wp\/v2\/comments?post=14849"}],"version-history":[{"count":0,"href":"https:\/\/www.cordobatimes.com\/deportes\/wp-json\/wp\/v2\/posts\/14849\/revisions"}],"wp:featuredmedia":[{"embeddable":true,"href":"https:\/\/www.cordobatimes.com\/deportes\/wp-json\/wp\/v2\/media\/14850"}],"wp:attachment":[{"href":"https:\/\/www.cordobatimes.com\/deportes\/wp-json\/wp\/v2\/media?parent=14849"}],"wp:term":[{"taxonomy":"category","embeddable":true,"href":"https:\/\/www.cordobatimes.com\/deportes\/wp-json\/wp\/v2\/categories?post=14849"},{"taxonomy":"post_tag","embeddable":true,"href":"https:\/\/www.cordobatimes.com\/deportes\/wp-json\/wp\/v2\/tags?post=14849"}],"curies":[{"name":"wp","href":"https:\/\/api.w.org\/{rel}","templated":true}]}}