{"id":14828,"date":"2014-05-31T11:46:05","date_gmt":"2014-05-31T14:46:05","guid":{"rendered":"http:\/\/www.cordobatimes.com\/deportes\/?p=14828"},"modified":"2014-05-31T11:46:05","modified_gmt":"2014-05-31T14:46:05","slug":"espana-ya-tiene-a-sus-23-mundialistas","status":"publish","type":"post","link":"https:\/\/www.cordobatimes.com\/deportes\/futbol\/2014\/05\/31\/espana-ya-tiene-a-sus-23-mundialistas\/","title":{"rendered":"Espa\u00f1a ya tiene a sus 23 mundialistas"},"content":{"rendered":"<h3 style=\"text-align: justify;\"><strong><a href=\"http:\/\/www.cordobatimes.com\/deportes\/wp-content\/uploads\/2014\/05\/Espa\u00f1a.jpg\"><img loading=\"lazy\" decoding=\"async\" class=\"size-full wp-image-14829 aligncenter\" alt=\"Espa\u00f1a\" src=\"http:\/\/www.cordobatimes.com\/deportes\/wp-content\/uploads\/2014\/05\/Espa\u00f1a.jpg\" width=\"620\" height=\"413\" data-id=\"14829\" srcset=\"https:\/\/www.cordobatimes.com\/deportes\/wp-content\/uploads\/2014\/05\/Espa\u00f1a.jpg 620w, https:\/\/www.cordobatimes.com\/deportes\/wp-content\/uploads\/2014\/05\/Espa\u00f1a-300x199.jpg 300w\" sizes=\"auto, (max-width: 620px) 100vw, 620px\" \/><\/a><\/strong><\/h3>\n<h3 style=\"text-align: justify;\"><strong>Vicente Del Bosque entreg\u00f3 la n\u00f3mina de jugadores que representar\u00e1n al pa\u00eds en Brasil. Finalmente, Diego Costa le gan\u00f3 la pulseada a Negredo. Tambi\u00e9n quedaron afuera Llorente, Jes\u00fas Navas y Carvajal.<\/strong><\/h3>\n<p style=\"text-align: justify;\">\n<p style=\"text-align: justify;\">Dos d\u00edas antes de la fecha tope impuesta por FIFA, el seleccionador espa\u00f1ol present\u00f3 la plantilla definitiva que buscar\u00e1 defender el campeonato del mundo obtenido en Sud\u00e1frica 2010. Pese al problema muscular que arrastra desde la previa de la final de Champions, Costa integrar\u00e1 el equipo.<\/p>\n<p style=\"text-align: justify;\">La sorpresa vino del lado de Fernando Llorente, el delantero de la Juventus que tuvo una buena temporada en el Calcio. Navas, por su parte, arrastra una lesi\u00f3n que lo tiene a mal traer y no logr\u00f3 ponerse en condiciones f\u00edsicas. Su compa\u00f1ero en el Manchester City, \u00c1lvaro Negredo, y Jose Carvajal, del Real Madrid, son los otros dos futbolistas que no estar\u00e1n en el Mundial.<\/p>\n<p style=\"text-align: justify;\">La lista completa<\/p>\n<p style=\"text-align: justify;\">Arqueros: Iker Casillas (Real Madrid), Jos\u00e9 Reina (N\u00e1poles) y, David De Gea (Manchester United).<\/p>\n<p>Defensores: C\u00e9sar Azpilicueta (Chelsea), Gerard Piqu\u00e9 y Jordi Alba (Barcelona), Sergio Ramos (Real Madrid), Javi Mart\u00ednez (Bayern M\u00fanich), Ra\u00fal Albiol (N\u00e1poli) y Juanfran Torres (Atl\u00e9tico de Madrid).<\/p>\n<p>Mediocampistas: Sergio Busquets, Xavi Hern\u00e1ndez Andr\u00e9s Iniesta y Cesc F\u00e1bregas (Barcelona), Xabi Alonso (Real Madrid), Koke (Atl\u00e9tico de Madrid), David Silva (Manchester City), Juan Mata (Manchester United) y Santi Cazorla (Arsenal).<\/p>\n<p>Delanteros: Pedro Rodr\u00edguez (Barcelona), Diego Costa y David Villa (Atl\u00e9tico de Madrid) y Fernando Torres (Chelsea).<\/p>\n","protected":false},"excerpt":{"rendered":"<p>Vicente Del Bosque entreg\u00f3 la n\u00f3mina de jugadores que representar\u00e1n al pa\u00eds en Brasil. Finalmente, Diego Costa le gan\u00f3 la pulseada a Negredo. Tambi\u00e9n quedaron afuera Llorente, Jes\u00fas Navas y Carvajal. Dos d\u00edas antes de la fecha tope impuesta por FIFA, el seleccionador espa\u00f1ol present\u00f3 la plantilla definitiva que buscar\u00e1 defender el campeonato del mundo [&hellip;]<\/p>\n","protected":false},"author":2,"featured_media":14829,"comment_status":"open","ping_status":"open","sticky":false,"template":"","format":"standard","meta":{"_seopress_robots_primary_cat":"","_seopress_titles_title":"","_seopress_titles_desc":"","_seopress_robots_index":"","footnotes":""},"categories":[2,22],"tags":[476,163,301,3112],"class_list":{"0":"post-14828","1":"post","2":"type-post","3":"status-publish","4":"format-standard","5":"has-post-thumbnail","6":"hentry","7":"category-futbol","8":"category-mundial-brasil-2014","9":"tag-brasil-2014","10":"tag-diego-costa","12":"tag-lista-de-vicente-del-bosque"},"_links":{"self":[{"href":"https:\/\/www.cordobatimes.com\/deportes\/wp-json\/wp\/v2\/posts\/14828","targetHints":{"allow":["GET"]}}],"collection":[{"href":"https:\/\/www.cordobatimes.com\/deportes\/wp-json\/wp\/v2\/posts"}],"about":[{"href":"https:\/\/www.cordobatimes.com\/deportes\/wp-json\/wp\/v2\/types\/post"}],"author":[{"embeddable":true,"href":"https:\/\/www.cordobatimes.com\/deportes\/wp-json\/wp\/v2\/users\/2"}],"replies":[{"embeddable":true,"href":"https:\/\/www.cordobatimes.com\/deportes\/wp-json\/wp\/v2\/comments?post=14828"}],"version-history":[{"count":0,"href":"https:\/\/www.cordobatimes.com\/deportes\/wp-json\/wp\/v2\/posts\/14828\/revisions"}],"wp:featuredmedia":[{"embeddable":true,"href":"https:\/\/www.cordobatimes.com\/deportes\/wp-json\/wp\/v2\/media\/14829"}],"wp:attachment":[{"href":"https:\/\/www.cordobatimes.com\/deportes\/wp-json\/wp\/v2\/media?parent=14828"}],"wp:term":[{"taxonomy":"category","embeddable":true,"href":"https:\/\/www.cordobatimes.com\/deportes\/wp-json\/wp\/v2\/categories?post=14828"},{"taxonomy":"post_tag","embeddable":true,"href":"https:\/\/www.cordobatimes.com\/deportes\/wp-json\/wp\/v2\/tags?post=14828"}],"curies":[{"name":"wp","href":"https:\/\/api.w.org\/{rel}","templated":true}]}}