{"id":14810,"date":"2014-05-30T17:43:35","date_gmt":"2014-05-30T20:43:35","guid":{"rendered":"http:\/\/www.cordobatimes.com\/deportes\/?p=14810"},"modified":"2014-05-30T17:43:35","modified_gmt":"2014-05-30T20:43:35","slug":"tc-rossi-con-la-pole-provisoria-en-termas","status":"publish","type":"post","link":"https:\/\/www.cordobatimes.com\/deportes\/automovilismo\/2014\/05\/30\/tc-rossi-con-la-pole-provisoria-en-termas\/","title":{"rendered":"TC: Rossi con la pole provisoria en Termas"},"content":{"rendered":"<h3><a href=\"http:\/\/www.cordobatimes.com\/deportes\/wp-content\/uploads\/2014\/05\/rossi1.jpg\"><img loading=\"lazy\" decoding=\"async\" class=\"alignnone size-full wp-image-14811\" alt=\"rossi\" src=\"http:\/\/www.cordobatimes.com\/deportes\/wp-content\/uploads\/2014\/05\/rossi1.jpg\" width=\"690\" height=\"370\" data-id=\"14811\" srcset=\"https:\/\/www.cordobatimes.com\/deportes\/wp-content\/uploads\/2014\/05\/rossi1.jpg 690w, https:\/\/www.cordobatimes.com\/deportes\/wp-content\/uploads\/2014\/05\/rossi1-300x160.jpg 300w\" sizes=\"auto, (max-width: 690px) 100vw, 690px\" \/><\/a><\/h3>\n<h3><\/h3>\n<h3>Mat\u00edas Rossi no pierde el protagonismo y se qued\u00f3 con el mejor tiempo del viernes en el aut\u00f3dromo de Termas de R\u00edo Hondo. Facundo Ardusso y Christian Ledesma lo escoltaron.<\/h3>\n<p>&nbsp;<\/p>\n<p>A bordo del Chevolet que alista el Dole Racing, el piloto de Del Viso sigue demostrando que tiene el auto a vencer de la temporada, tal es as\u00ed, que se qued\u00f3 con el mejor registro a la hora de clasificar marcando\u00a0\u00a01m47s560 mil\u00e9simas en el circuito santiague\u00f1o.<\/p>\n<p>La mejor\u00eda de la pista a la hora de clasificar jug\u00f3 a favor a Rossi. Hasta ese entonces parec\u00eda que Facundo Ardusso ser\u00eda el m\u00e1s veloz de la primera jornada clasificatoria del TC, pero finalmente el piloto de Las Parejas debi\u00f3 conformarse con la segunda colocaci\u00f3n.<\/p>\n<p>M\u00e1s atr\u00e1s qued\u00f3 Christian Ledesma, qui\u00e9n tambi\u00e9n se perfilaba para ser el primero en el clasificador, pero la Chevy mordi\u00f3 una de las partes sucias del circuito en plena vuelta r\u00e1pida y tuvo que resignarse con el tercer puesto.<\/p>\n<p>La actividad contin\u00faa ma\u00f1ana cuando a las 10:55 se ponga en marcha los segundos entrenamientos para dar lugar a las 14:05 a la clasificaci\u00f3n definitiva.<\/p>\n<p>&nbsp;<\/p>\n<p><strong>CLASIFICACI\u00d3N PROVISORIA- TC<\/strong><\/p>\n<p>1 5 Rossi, Mat\u00edas 3 01:47.560<br \/>\n2 38 Ardusso, Facundo 4 01:47.720 0.160<br \/>\n3 12 Ledesma, Christian 3 01:47.729 0.169<br \/>\n4 111 Silva, Juan Manuel 3 01:47.815 0.255<br \/>\n5 7 Trucco, Juan Mart\u00edn 3 01:47.992 0.432<br \/>\n6 15 Pern\u00eda, Leonel 4 01:48.254 0.694<br \/>\n7 88 Trosset, Nicol\u00e1s 4 01:48.256 0.696<br \/>\n8 3 Di Palma, Lu\u00eds Jos\u00e9 (H) 3 01:48.291 0.731<br \/>\n9 19 Fontana, Norberto 5 01:48.294 0.734<br \/>\n10 117 Ortelli, Guillermo 4 01:48.294 0.734<br \/>\n11 17 Angelini, Juan Marcos 4 01:48.455 0.895<br \/>\n12 13 De Benedictis, Juan Bautista 5 01:48.489 0.929<br \/>\n13 25 Bonelli, Nicol\u00e1s 5 01:48.685 1.125<br \/>\n14 86 Canapino, Agust\u00edn 4 01:48.736 1.176<br \/>\n15 8 Castellano, Jonatan 2 01:48.747 1.187<br \/>\n16 99 Pezzucchi, Nicolas 3 01:48.794 1.234<br \/>\n17 14 Jalaf, Mat\u00edas 4 01:48.840 1.280<br \/>\n18 21 Alaux, Sergio 5 01:48.862 1.302<br \/>\n19 37 Ponte, Mart\u00edn 4 01:48.923 1.363<br \/>\n20 6 Mart\u00ednez, Omar 3 01:48.929 1.369<br \/>\n21 27 Ugalde, Lionel 4 01:48.932 1.372<br \/>\n22 36 Spataro, Emiliano 4 01:48.932 1.372<br \/>\n23 63 Bonelli, Pr\u00f3spero 5 01:48.955 1.395<br \/>\n24 11 Giallombardo, Mauro 5 01:48.969 1.409<br \/>\n25 10 Altuna, Mariano 5 01:49.018 1.458<br \/>\n26 23 Gianini, Juan Pablo 5 01:49.028 1.468<br \/>\n27 20 Okulovich, Carlos 4 01:49.039 1.479<br \/>\n28 2 Werner, Mariano 2 01:49.055 1.495<br \/>\n29 22 Moriatis, Emanuel 5 01:49.266 1.706<br \/>\n30 161 Ponce de Le\u00f3n, Gabriel 4 01:49.298 1.738<br \/>\n31 26 Oubi\u00f1a, Adri\u00e1n 4 01:49.481 1.921<br \/>\n32 35 Nolesi, Math\u00edas 5 01:49.582 2.022<br \/>\n33 33 Juan, Maximiliano 4 01:49.595 2.035<br \/>\n34 28 Sotro, Leonel 4 01:49.733 2.173<br \/>\n35 44 Campanera, Laureano 5 01:49.765 2.205<br \/>\n36 43 Ventricelli , Luciano 4 01:49.899 2.339<br \/>\n37 50 Dose, Christian 4 01:50.067 2.507<br \/>\n38 42 Mazzacane, Gast\u00f3n 4 01:50.087 2.527<br \/>\n39 39 De Carlo, Diego 4 01:50.282 2.722<\/p>\n<p>&nbsp;<\/p>\n<h6>Foto: Prensa Actc<\/h6>\n<p>&nbsp;<\/p>\n","protected":false},"excerpt":{"rendered":"<p>Mat\u00edas Rossi no pierde el protagonismo y se qued\u00f3 con el mejor tiempo del viernes en el aut\u00f3dromo de Termas de R\u00edo Hondo. Facundo Ardusso y Christian Ledesma lo escoltaron. &nbsp; A bordo del Chevolet que alista el Dole Racing, el piloto de Del Viso sigue demostrando que tiene el auto a vencer de la [&hellip;]<\/p>\n","protected":false},"author":6,"featured_media":14811,"comment_status":"open","ping_status":"open","sticky":false,"template":"","format":"standard","meta":{"_seopress_robots_primary_cat":"","_seopress_titles_title":"","_seopress_titles_desc":"","_seopress_robots_index":"","footnotes":""},"categories":[1,9],"tags":[3106,469,3099],"class_list":["post-14810","post","type-post","status-publish","format-standard","has-post-thumbnail","hentry","category-automovilismo","category-tc","tag-facundo-ardusso-christian-ledesma","tag-matias-rossi","tag-tc-en-termas"],"_links":{"self":[{"href":"https:\/\/www.cordobatimes.com\/deportes\/wp-json\/wp\/v2\/posts\/14810","targetHints":{"allow":["GET"]}}],"collection":[{"href":"https:\/\/www.cordobatimes.com\/deportes\/wp-json\/wp\/v2\/posts"}],"about":[{"href":"https:\/\/www.cordobatimes.com\/deportes\/wp-json\/wp\/v2\/types\/post"}],"author":[{"embeddable":true,"href":"https:\/\/www.cordobatimes.com\/deportes\/wp-json\/wp\/v2\/users\/6"}],"replies":[{"embeddable":true,"href":"https:\/\/www.cordobatimes.com\/deportes\/wp-json\/wp\/v2\/comments?post=14810"}],"version-history":[{"count":0,"href":"https:\/\/www.cordobatimes.com\/deportes\/wp-json\/wp\/v2\/posts\/14810\/revisions"}],"wp:featuredmedia":[{"embeddable":true,"href":"https:\/\/www.cordobatimes.com\/deportes\/wp-json\/wp\/v2\/media\/14811"}],"wp:attachment":[{"href":"https:\/\/www.cordobatimes.com\/deportes\/wp-json\/wp\/v2\/media?parent=14810"}],"wp:term":[{"taxonomy":"category","embeddable":true,"href":"https:\/\/www.cordobatimes.com\/deportes\/wp-json\/wp\/v2\/categories?post=14810"},{"taxonomy":"post_tag","embeddable":true,"href":"https:\/\/www.cordobatimes.com\/deportes\/wp-json\/wp\/v2\/tags?post=14810"}],"curies":[{"name":"wp","href":"https:\/\/api.w.org\/{rel}","templated":true}]}}