{"id":14780,"date":"2014-05-30T09:03:15","date_gmt":"2014-05-30T12:03:15","guid":{"rendered":"http:\/\/www.cordobatimes.com\/deportes\/?p=14780"},"modified":"2014-05-30T09:31:38","modified_gmt":"2014-05-30T12:31:38","slug":"presentaron-la-pelicula-de-maravilla-martinez-video","status":"publish","type":"post","link":"https:\/\/www.cordobatimes.com\/deportes\/polideportivo\/2014\/05\/30\/presentaron-la-pelicula-de-maravilla-martinez-video\/","title":{"rendered":"Presentaron la pel\u00edcula de Maravilla Mart\u00ednez (video)"},"content":{"rendered":"<h3 style=\"text-align: justify;\"><strong><a href=\"http:\/\/www.cordobatimes.com\/deportes\/wp-content\/uploads\/2014\/05\/Maravilla.jpg\"><img loading=\"lazy\" decoding=\"async\" class=\"size-full wp-image-14781 aligncenter\" alt=\"Maravilla\" src=\"http:\/\/www.cordobatimes.com\/deportes\/wp-content\/uploads\/2014\/05\/Maravilla.jpg\" width=\"640\" height=\"331\" data-id=\"14781\" srcset=\"https:\/\/www.cordobatimes.com\/deportes\/wp-content\/uploads\/2014\/05\/Maravilla.jpg 640w, https:\/\/www.cordobatimes.com\/deportes\/wp-content\/uploads\/2014\/05\/Maravilla-300x155.jpg 300w\" sizes=\"auto, (max-width: 640px) 100vw, 640px\" \/><\/a><\/strong><\/h3>\n<h3 style=\"text-align: justify;\"><strong>A pocos d\u00edas de la gran pelea contra Miguel Cotto, exhibieron por primera vez la historia cinematogr\u00e1fica que cuenta la historia del boxeador quilme\u00f1o, teniendo como eje principal el duelo que mantuvo con Julio Cesar Ch\u00e1vez Jr. Participaron, entre otros, grandes figuras como Don King, Mike Tyson y Oscar de la Hoya. Mir\u00e1 el trailer.<\/strong><\/h3>\n<p>&nbsp;<\/p>\n<p style=\"text-align: justify;\">&#8220;Maravilla, un luchador&#8221; fue ideada y producida por Pablo Cadaveira. &#8220;Juan Pablo estaba grabando conmigo desde junio de 2011. En la mente de \u00e9l estaba la idea de que el combate con (Julio) Ch\u00e1vez Jr. se iba a dar, pero que hab\u00eda una historia que contar a partir de eso, porque se pod\u00eda tejer una telara\u00f1a inmensa, que fue lo que realmente pas\u00f3 y est\u00e1 muy bien reflejada en el documental&#8221;, declar\u00f3 Mart\u00ednez a los medios de comunicaci\u00f3n.<\/p>\n<p style=\"text-align: justify;\">La pel\u00edcula, estrenada en cines de Buenos Aires, ya fue postulada para participar en el Festival de Cine que se lleva a cabo en la ciudad de Mar del Plata.<\/p>\n<p style=\"text-align: justify;\">Maravilla intentar\u00e1 defender el cintur\u00f3n de los pesos medios de la CMB el 7 de junio ante el puertorrique\u00f1o Miguel Cotto, en un combate que promete ser hist\u00f3rico.<\/p>\n<p style=\"text-align: justify;\">Trailer oficial:<\/p>\n<p>\u00a0<iframe loading=\"lazy\" src=\"\/\/www.youtube.com\/embed\/1raXBZcyPr0\" height=\"315\" width=\"560\" allowfullscreen=\"\" frameborder=\"0\"><\/iframe><\/p>\n","protected":false},"excerpt":{"rendered":"<p>A pocos d\u00edas de la gran pelea contra Miguel Cotto, exhibieron por primera vez la historia cinematogr\u00e1fica que cuenta la historia del boxeador quilme\u00f1o, teniendo como eje principal el duelo que mantuvo con Julio Cesar Ch\u00e1vez Jr. Participaron, entre otros, grandes figuras como Don King, Mike Tyson y Oscar de la Hoya. Mir\u00e1 el trailer. [&hellip;]<\/p>\n","protected":false},"author":2,"featured_media":14781,"comment_status":"open","ping_status":"open","sticky":false,"template":"","format":"standard","meta":{"_seopress_robots_primary_cat":"","_seopress_titles_title":"","_seopress_titles_desc":"","_seopress_robots_index":"","footnotes":""},"categories":[7,6],"tags":[1505,3102,2095],"class_list":["post-14780","post","type-post","status-publish","format-standard","has-post-thumbnail","hentry","category-boxeo","category-polideportivo","tag-cine","tag-documental-de-maravilla-martinez","tag-maravilla-martinez-vs-miguel-cotto"],"_links":{"self":[{"href":"https:\/\/www.cordobatimes.com\/deportes\/wp-json\/wp\/v2\/posts\/14780","targetHints":{"allow":["GET"]}}],"collection":[{"href":"https:\/\/www.cordobatimes.com\/deportes\/wp-json\/wp\/v2\/posts"}],"about":[{"href":"https:\/\/www.cordobatimes.com\/deportes\/wp-json\/wp\/v2\/types\/post"}],"author":[{"embeddable":true,"href":"https:\/\/www.cordobatimes.com\/deportes\/wp-json\/wp\/v2\/users\/2"}],"replies":[{"embeddable":true,"href":"https:\/\/www.cordobatimes.com\/deportes\/wp-json\/wp\/v2\/comments?post=14780"}],"version-history":[{"count":0,"href":"https:\/\/www.cordobatimes.com\/deportes\/wp-json\/wp\/v2\/posts\/14780\/revisions"}],"wp:featuredmedia":[{"embeddable":true,"href":"https:\/\/www.cordobatimes.com\/deportes\/wp-json\/wp\/v2\/media\/14781"}],"wp:attachment":[{"href":"https:\/\/www.cordobatimes.com\/deportes\/wp-json\/wp\/v2\/media?parent=14780"}],"wp:term":[{"taxonomy":"category","embeddable":true,"href":"https:\/\/www.cordobatimes.com\/deportes\/wp-json\/wp\/v2\/categories?post=14780"},{"taxonomy":"post_tag","embeddable":true,"href":"https:\/\/www.cordobatimes.com\/deportes\/wp-json\/wp\/v2\/tags?post=14780"}],"curies":[{"name":"wp","href":"https:\/\/api.w.org\/{rel}","templated":true}]}}