{"id":14743,"date":"2014-05-29T13:43:00","date_gmt":"2014-05-29T16:43:00","guid":{"rendered":"http:\/\/www.cordobatimes.com\/deportes\/?p=14743"},"modified":"2014-05-29T13:45:35","modified_gmt":"2014-05-29T16:45:35","slug":"una-buena-para-sabella-augusto-fernandez-se-entreno-con-el-plantel","status":"publish","type":"post","link":"https:\/\/www.cordobatimes.com\/deportes\/futbol\/2014\/05\/29\/una-buena-para-sabella-augusto-fernandez-se-entreno-con-el-plantel\/","title":{"rendered":"Una buena para Sabella: Augusto Fern\u00e1ndez se entren\u00f3 con el plantel"},"content":{"rendered":"<h3 style=\"text-align: justify;\"><a href=\"http:\/\/www.cordobatimes.com\/deportes\/wp-content\/uploads\/2014\/05\/augusto-fernandez.jpg\"><img loading=\"lazy\" decoding=\"async\" class=\"size-full wp-image-14746 aligncenter\" alt=\"augusto fernandez\" src=\"http:\/\/www.cordobatimes.com\/deportes\/wp-content\/uploads\/2014\/05\/augusto-fernandez.jpg\" width=\"750\" height=\"515\" data-id=\"14746\" srcset=\"https:\/\/www.cordobatimes.com\/deportes\/wp-content\/uploads\/2014\/05\/augusto-fernandez.jpg 750w, https:\/\/www.cordobatimes.com\/deportes\/wp-content\/uploads\/2014\/05\/augusto-fernandez-300x206.jpg 300w\" sizes=\"auto, (max-width: 750px) 100vw, 750px\" \/><\/a><\/h3>\n<h3 style=\"text-align: justify;\"><b>El volante se est\u00e1 recuperado de un esguince de rodilla y quiere dar pelar por un lugar en la lista de 23. Hoy se entren\u00f3 con sus compa\u00f1eros.<\/b><\/h3>\n<p style=\"text-align: justify;\">\n<p style=\"text-align: justify;\">Ayer, durante la pr\u00e1ctica matutina en el predio de Ezeiza, Alejandro Sabella hizo que sus dirigidos realizaran por primera vez movimientos con pelota y par\u00f3 un probable equipo para el debut del mundial. El mismo ser\u00e1 el 15 de junio ante Bosnia en R\u00edo de Janeiro, m\u00e1s precisamente en el m\u00edtico Maracan\u00e1.<\/p>\n<p style=\"text-align: justify;\">La buena noticia de hoy pas\u00f3 porque durante el ensayo de esta ma\u00f1ana, Augusto Fern\u00e1ndez pudo entrenarse \u00a0con sus compa\u00f1eros. El mediocampista sufri\u00f3 un esguince en su rodilla derecha (jugando para su club, el Celta de Vigo), y era duda. Seg\u00fan los m\u00e9dicos de la selecci\u00f3n, \u00a0el ex \u2013 V\u00e9lez se recupera bien y tratara de pelear un lugar en la lista final rumbo a Brasil 2014.<\/p>\n<p style=\"text-align: justify;\">El que todav\u00eda no se sum\u00f3 a los entrenamientos es \u00c1ngel Di Mar\u00eda, quien viene de jugar la final de la Champions League con el Real Madrid, y los miembros del cuerpo t\u00e9cnico decidieron darle licencia para que descanse. \u201cFideo\u201d se sumar\u00e1 ma\u00f1ana viernes al plantel comandado por Sabella.<\/p>\n<p style=\"text-align: justify;\">Teniendo en cuenta el equipo que ayer paro \u201cPachorra\u201d, el once para jugar en el Maracan\u00e1 podr\u00eda ser: Sergio\u00a0Romero; Pablo\u00a0Zabaleta, Federico\u00a0Fern\u00e1ndez, Ezequiel\u00a0Garay, Marcos\u00a0Rojo; Fernando\u00a0Gago, Javier\u00a0Mascherano, \u00c1ngel Di Mar\u00eda; Sergio\u00a0Ag\u00fcero, Gonzalo\u00a0Higua\u00edn\u00a0y Lionel\u00a0Messi.<\/p>\n<p style=\"text-align: justify;\">El DT todav\u00eda debe definir que otros tres futbolistas quedar\u00e1n afuera de la n\u00f3mina final de 23 hombres. Esta se dar\u00e1 a conocer el pr\u00f3ximo lunes. Recordemos que de los 30 jugadores iniciales, ya fueron descartados Lisandro L\u00f3pez, Gabriel Mercado, Fabi\u00e1n Rinaudo y Franco Di Santo.<\/p>\n","protected":false},"excerpt":{"rendered":"<p>El volante se est\u00e1 recuperado de un esguince de rodilla y quiere dar pelar por un lugar en la lista de 23. Hoy se entren\u00f3 con sus compa\u00f1eros. Ayer, durante la pr\u00e1ctica matutina en el predio de Ezeiza, Alejandro Sabella hizo que sus dirigidos realizaran por primera vez movimientos con pelota y par\u00f3 un probable [&hellip;]<\/p>\n","protected":false},"author":15,"featured_media":14744,"comment_status":"open","ping_status":"open","sticky":false,"template":"","format":"standard","meta":{"_seopress_robots_primary_cat":"","_seopress_titles_title":"","_seopress_titles_desc":"","_seopress_robots_index":"","footnotes":""},"categories":[2,22],"tags":[33,1954,477,421,3050,88,227],"class_list":["post-14743","post","type-post","status-publish","format-standard","has-post-thumbnail","hentry","category-futbol","category-mundial-brasil-2014","tag-afa","tag-alejandro-sabella","tag-augusto-fernandez","tag-entrenamiento","tag-ezeiza","tag-messi","tag-seleccion"],"_links":{"self":[{"href":"https:\/\/www.cordobatimes.com\/deportes\/wp-json\/wp\/v2\/posts\/14743","targetHints":{"allow":["GET"]}}],"collection":[{"href":"https:\/\/www.cordobatimes.com\/deportes\/wp-json\/wp\/v2\/posts"}],"about":[{"href":"https:\/\/www.cordobatimes.com\/deportes\/wp-json\/wp\/v2\/types\/post"}],"author":[{"embeddable":true,"href":"https:\/\/www.cordobatimes.com\/deportes\/wp-json\/wp\/v2\/users\/15"}],"replies":[{"embeddable":true,"href":"https:\/\/www.cordobatimes.com\/deportes\/wp-json\/wp\/v2\/comments?post=14743"}],"version-history":[{"count":0,"href":"https:\/\/www.cordobatimes.com\/deportes\/wp-json\/wp\/v2\/posts\/14743\/revisions"}],"wp:featuredmedia":[{"embeddable":true,"href":"https:\/\/www.cordobatimes.com\/deportes\/wp-json\/wp\/v2\/media\/14744"}],"wp:attachment":[{"href":"https:\/\/www.cordobatimes.com\/deportes\/wp-json\/wp\/v2\/media?parent=14743"}],"wp:term":[{"taxonomy":"category","embeddable":true,"href":"https:\/\/www.cordobatimes.com\/deportes\/wp-json\/wp\/v2\/categories?post=14743"},{"taxonomy":"post_tag","embeddable":true,"href":"https:\/\/www.cordobatimes.com\/deportes\/wp-json\/wp\/v2\/tags?post=14743"}],"curies":[{"name":"wp","href":"https:\/\/api.w.org\/{rel}","templated":true}]}}