{"id":14704,"date":"2014-05-28T17:08:55","date_gmt":"2014-05-28T20:08:55","guid":{"rendered":"http:\/\/www.cordobatimes.com\/deportes\/?p=14704"},"modified":"2014-05-28T17:08:55","modified_gmt":"2014-05-28T20:08:55","slug":"jose-pekerman-voy-a-esperar-a-falcao","status":"publish","type":"post","link":"https:\/\/www.cordobatimes.com\/deportes\/futbol\/2014\/05\/28\/jose-pekerman-voy-a-esperar-a-falcao\/","title":{"rendered":"Jos\u00e9 Pekerman: &#8220;Voy a esperar a Falcao&#8221;"},"content":{"rendered":"<p style=\"text-align: center;\"><a href=\"http:\/\/www.cordobatimes.com\/deportes\/wp-content\/uploads\/2014\/05\/jose_pekerman_5.jpg\"><img loading=\"lazy\" decoding=\"async\" class=\"size-full wp-image-14707 aligncenter\" alt=\"jose_pekerman_5\" src=\"http:\/\/www.cordobatimes.com\/deportes\/wp-content\/uploads\/2014\/05\/jose_pekerman_5.jpg\" width=\"700\" height=\"458\" data-id=\"14707\" srcset=\"https:\/\/www.cordobatimes.com\/deportes\/wp-content\/uploads\/2014\/05\/jose_pekerman_5.jpg 700w, https:\/\/www.cordobatimes.com\/deportes\/wp-content\/uploads\/2014\/05\/jose_pekerman_5-300x196.jpg 300w\" sizes=\"auto, (max-width: 700px) 100vw, 700px\" \/><\/a><\/p>\n<h3 style=\"text-align: justify;\"><b>El entrenador argentino de la selecci\u00f3n colombiana dijo que esperar\u00e1 por el Tigre: \u201cLo voy a esperar hasta \u00faltimo segundo. Es muy importante para nosotros\u201d, declar\u00f3.<\/b><\/h3>\n<p style=\"text-align: justify;\"><b>\u00a0<\/b><\/p>\n<p style=\"text-align: justify;\">Jos\u00e9 Pekerman dijo hoy que esperaran hasta \u00faltimo momento a Radamel Falcao Garc\u00eda, quien se recupera de la rotura de ligamento anterior cruzado en su rodilla izquierda. Por otra parte, confirm\u00f3 la baja del mediocampista Edwin Valencia para el Mundial Brasil 2014.<\/p>\n<p style=\"text-align: justify;\">\u201cVoy a esperar a Falcao hasta \u00faltimo segundo con la esperanza de que llegue al Mundial. Lo necesitamos\u201d, afirm\u00f3 Pekerman en conferencia de prensa. El DT ya tiene experiencia en mundiales, luego de dirigir a la Selecci\u00f3n Argentina en Alemania 2006, donde el conjunto nacional cay\u00f3 por penales en cuartos de final ante los alemanes.<\/p>\n<p style=\"text-align: justify;\">El ex \u2013 delantero de River se lastimo sus ligamentos en enero jugando para el M\u00f3naco de Francia. La lesi\u00f3n conmociono al pa\u00eds cafetero quienes temen que su estrella no llegue para el comienzo del Mundial.<\/p>\n<p style=\"text-align: justify;\">Por otro lado el DT confirm\u00f3 que debido a una lesi\u00f3n muscular, Edwin Valencia, mediocampista del Fluminense brasile\u00f1o, qued\u00f3 descartado de la lista de jugadores que participaran en la Copa.<\/p>\n<p style=\"text-align: justify;\">Ahora quedan 26 jugadores, de los cuales Pekerman deber\u00e1 descartar a tres para completar la lista de 23 que estar\u00e1n en Brasil. \u201cEsta es una etapa para ajustar detalles. Se puede pagar caro cualquier error en el certamen\u201d, afirm\u00f3.<\/p>\n<p style=\"text-align: justify;\">La selecci\u00f3n cafetera arribo a Buenos Aires el fin de semana pasado y esta concentrado en Los Cardales. Este s\u00e1bado y el pr\u00f3ximo viernes jugar\u00e1n amistosos ante Senegal y Jordania respectivamente. Los mismos ser\u00edan en la cancha de San Lorenzo.<\/p>\n","protected":false},"excerpt":{"rendered":"<p>El entrenador argentino de la selecci\u00f3n colombiana dijo que esperar\u00e1 por el Tigre: \u201cLo voy a esperar hasta \u00faltimo segundo. Es muy importante para nosotros\u201d, declar\u00f3. \u00a0 Jos\u00e9 Pekerman dijo hoy que esperaran hasta \u00faltimo momento a Radamel Falcao Garc\u00eda, quien se recupera de la rotura de ligamento anterior cruzado en su rodilla izquierda. Por [&hellip;]<\/p>\n","protected":false},"author":15,"featured_media":14707,"comment_status":"open","ping_status":"open","sticky":false,"template":"","format":"standard","meta":{"_seopress_robots_primary_cat":"","_seopress_titles_title":"","_seopress_titles_desc":"","_seopress_robots_index":"","footnotes":""},"categories":[2,22],"tags":[462,1642,368,571,474],"class_list":["post-14704","post","type-post","status-publish","format-standard","has-post-thumbnail","hentry","category-futbol","category-mundial-brasil-2014","tag-colombia","tag-falcao","tag-lesion","tag-mundial-brasil-2014-2","tag-pekerman"],"_links":{"self":[{"href":"https:\/\/www.cordobatimes.com\/deportes\/wp-json\/wp\/v2\/posts\/14704","targetHints":{"allow":["GET"]}}],"collection":[{"href":"https:\/\/www.cordobatimes.com\/deportes\/wp-json\/wp\/v2\/posts"}],"about":[{"href":"https:\/\/www.cordobatimes.com\/deportes\/wp-json\/wp\/v2\/types\/post"}],"author":[{"embeddable":true,"href":"https:\/\/www.cordobatimes.com\/deportes\/wp-json\/wp\/v2\/users\/15"}],"replies":[{"embeddable":true,"href":"https:\/\/www.cordobatimes.com\/deportes\/wp-json\/wp\/v2\/comments?post=14704"}],"version-history":[{"count":0,"href":"https:\/\/www.cordobatimes.com\/deportes\/wp-json\/wp\/v2\/posts\/14704\/revisions"}],"wp:featuredmedia":[{"embeddable":true,"href":"https:\/\/www.cordobatimes.com\/deportes\/wp-json\/wp\/v2\/media\/14707"}],"wp:attachment":[{"href":"https:\/\/www.cordobatimes.com\/deportes\/wp-json\/wp\/v2\/media?parent=14704"}],"wp:term":[{"taxonomy":"category","embeddable":true,"href":"https:\/\/www.cordobatimes.com\/deportes\/wp-json\/wp\/v2\/categories?post=14704"},{"taxonomy":"post_tag","embeddable":true,"href":"https:\/\/www.cordobatimes.com\/deportes\/wp-json\/wp\/v2\/tags?post=14704"}],"curies":[{"name":"wp","href":"https:\/\/api.w.org\/{rel}","templated":true}]}}