{"id":14684,"date":"2014-05-28T15:18:43","date_gmt":"2014-05-28T18:18:43","guid":{"rendered":"http:\/\/www.cordobatimes.com\/deportes\/?p=14684"},"modified":"2014-05-28T15:53:41","modified_gmt":"2014-05-28T18:53:41","slug":"hinchas-colombianos-festejaron-un-titulo-por-confusion","status":"publish","type":"post","link":"https:\/\/www.cordobatimes.com\/deportes\/futbol\/2014\/05\/28\/hinchas-colombianos-festejaron-un-titulo-por-confusion\/","title":{"rendered":"Hinchas colombianos festejaron un t\u00edtulo que no fue"},"content":{"rendered":"<h3><strong><a href=\"http:\/\/www.cordobatimes.com\/deportes\/wp-content\/uploads\/2014\/05\/Colombia.jpg\"><img loading=\"lazy\" decoding=\"async\" class=\" wp-image-14694 aligncenter\" alt=\"Colombia\" src=\"http:\/\/www.cordobatimes.com\/deportes\/wp-content\/uploads\/2014\/05\/Colombia.jpg\" width=\"467\" height=\"304\" data-id=\"14694\" srcset=\"https:\/\/www.cordobatimes.com\/deportes\/wp-content\/uploads\/2014\/05\/Colombia.jpg 467w, https:\/\/www.cordobatimes.com\/deportes\/wp-content\/uploads\/2014\/05\/Colombia-300x195.jpg 300w\" sizes=\"auto, (max-width: 467px) 100vw, 467px\" \/><\/a><\/strong><\/h3>\n<h3><strong>Junior de Barranquilla perdi\u00f3 la final del campeonato cafetero, pero una publicaci\u00f3n en twitter hizo creer a los fan\u00e1ticos que finalmente la &#8220;estrella&#8221; quedaba para ellos por una falla al reglamento por parte de Atl\u00e9tico Nacional, el campe\u00f3n leg\u00edtimo. Sin saber que el rumor no era cierto, coparon las calles para celebrar. Mir\u00e1 el video.<\/strong><\/h3>\n<p>&nbsp;<\/p>\n<p>Incre\u00edble pero real fue lo que sucedi\u00f3 en las calles de Barranquilla, que albergaron a miles de simpatizantes del Tibur\u00f3n, convocados a trav\u00e9s de las redes sociales por una celebraci\u00f3n falsa. Resulta que un tweet de una p\u00e1gina de deportes alert\u00f3 que la Dimayor (Federaci\u00f3n que comanda el f\u00fatbol de aquel pa\u00eds) les daba por ganado el torneo debido a que los de Medell\u00edn hab\u00edan realizado cuatro cambios en el partido decisivo.<\/p>\n<p>El rumor no era ver\u00eddico pero ya era tarde para avisarle a los hinchas que estaban festejando la obtenci\u00f3n del campeonato. La desilusi\u00f3n fue tan grande que algunos hasta quer\u00edan llorar.<\/p>\n<p><iframe loading=\"lazy\" src=\"\/\/www.youtube.com\/embed\/YLqZhmMKZvs\" height=\"315\" width=\"420\" allowfullscreen=\"\" frameborder=\"0\"><\/iframe><\/p>\n","protected":false},"excerpt":{"rendered":"<p>Junior de Barranquilla perdi\u00f3 la final del campeonato cafetero, pero una publicaci\u00f3n en twitter hizo creer a los fan\u00e1ticos que finalmente la &#8220;estrella&#8221; quedaba para ellos por una falla al reglamento por parte de Atl\u00e9tico Nacional, el campe\u00f3n leg\u00edtimo. Sin saber que el rumor no era cierto, coparon las calles para celebrar. Mir\u00e1 el video. [&hellip;]<\/p>\n","protected":false},"author":2,"featured_media":14694,"comment_status":"open","ping_status":"open","sticky":false,"template":"","format":"standard","meta":{"_seopress_robots_primary_cat":"","_seopress_titles_title":"","_seopress_titles_desc":"","_seopress_robots_index":"","footnotes":""},"categories":[2,18],"tags":[461,462,3087,3086,183],"class_list":["post-14684","post","type-post","status-publish","format-standard","has-post-thumbnail","hentry","category-futbol","category-futbol-internacional","tag-atletico-nacional","tag-colombia","tag-festejos-que-no-fueron","tag-junior","tag-twitter"],"_links":{"self":[{"href":"https:\/\/www.cordobatimes.com\/deportes\/wp-json\/wp\/v2\/posts\/14684","targetHints":{"allow":["GET"]}}],"collection":[{"href":"https:\/\/www.cordobatimes.com\/deportes\/wp-json\/wp\/v2\/posts"}],"about":[{"href":"https:\/\/www.cordobatimes.com\/deportes\/wp-json\/wp\/v2\/types\/post"}],"author":[{"embeddable":true,"href":"https:\/\/www.cordobatimes.com\/deportes\/wp-json\/wp\/v2\/users\/2"}],"replies":[{"embeddable":true,"href":"https:\/\/www.cordobatimes.com\/deportes\/wp-json\/wp\/v2\/comments?post=14684"}],"version-history":[{"count":0,"href":"https:\/\/www.cordobatimes.com\/deportes\/wp-json\/wp\/v2\/posts\/14684\/revisions"}],"wp:featuredmedia":[{"embeddable":true,"href":"https:\/\/www.cordobatimes.com\/deportes\/wp-json\/wp\/v2\/media\/14694"}],"wp:attachment":[{"href":"https:\/\/www.cordobatimes.com\/deportes\/wp-json\/wp\/v2\/media?parent=14684"}],"wp:term":[{"taxonomy":"category","embeddable":true,"href":"https:\/\/www.cordobatimes.com\/deportes\/wp-json\/wp\/v2\/categories?post=14684"},{"taxonomy":"post_tag","embeddable":true,"href":"https:\/\/www.cordobatimes.com\/deportes\/wp-json\/wp\/v2\/tags?post=14684"}],"curies":[{"name":"wp","href":"https:\/\/api.w.org\/{rel}","templated":true}]}}