{"id":14631,"date":"2014-05-27T17:51:31","date_gmt":"2014-05-27T20:51:31","guid":{"rendered":"http:\/\/www.cordobatimes.com\/deportes\/?p=14631"},"modified":"2014-05-28T11:03:50","modified_gmt":"2014-05-28T14:03:50","slug":"belgrano-parodi-y-etevenaux-podrian-permanecer-en-el-equipo","status":"publish","type":"post","link":"https:\/\/www.cordobatimes.com\/deportes\/futbol\/2014\/05\/27\/belgrano-parodi-y-etevenaux-podrian-permanecer-en-el-equipo\/","title":{"rendered":"Belgrano: Parodi y Etevenaux podr\u00edan permanecer en el equipo"},"content":{"rendered":"<p style=\"text-align: center;\"><a href=\"http:\/\/www.cordobatimes.com\/deportes\/wp-content\/uploads\/2014\/05\/Parodi.jpg\"><img loading=\"lazy\" decoding=\"async\" class=\"size-full wp-image-14632 aligncenter\" alt=\"Parodi\" src=\"http:\/\/www.cordobatimes.com\/deportes\/wp-content\/uploads\/2014\/05\/Parodi.jpg\" width=\"632\" height=\"361\" data-id=\"14632\" srcset=\"https:\/\/www.cordobatimes.com\/deportes\/wp-content\/uploads\/2014\/05\/Parodi.jpg 632w, https:\/\/www.cordobatimes.com\/deportes\/wp-content\/uploads\/2014\/05\/Parodi-300x171.jpg 300w, https:\/\/www.cordobatimes.com\/deportes\/wp-content\/uploads\/2014\/05\/Parodi-305x175.jpg 305w\" sizes=\"auto, (max-width: 632px) 100vw, 632px\" \/><\/a><\/p>\n<h3 style=\"text-align: justify;\"><b>Ambos jugadores vuelven luego de sus prestamos y tendr\u00edan un lugar en el plantel de cara al Torneo Inicial. <\/b><\/h3>\n<p style=\"text-align: justify;\">\n<p style=\"text-align: justify;\">Belgrano buscar\u00e1 torcer el rumbo de la irregularidad que lo marco en el primer semestre del a\u00f1o. Para eso necesita rearmar el equipo (luego de las diferentes salidas y retornos de prestamos), y en lo posible reforzarse o retener algunos jugadores.<\/p>\n<p style=\"text-align: justify;\">Es en este contexto como vuelven Lucas Parodi, a pr\u00e9stamo en el Cobresal chileno, e Iv\u00e1n Etevenaux, en Douglas Haig de la Primera B Nacional. Ambos jugadores se sumar\u00e1n al Pirata en junio y podr\u00edan permanecer para reforzar el plantel conducido por Ricardo Zielinski.<\/p>\n<p style=\"text-align: justify;\">Tambi\u00e9n se sabe que la dirigencia continua trabajando para traer un punta de jerarqu\u00eda, y retener al mediocampista Jorge Vel\u00e1zquez. El santafesino tiene una oferta de San Lorenzo, como as\u00ed tambi\u00e9n desde Chile y Paraguay. A pesar de esto, todo parece indicar que el volante zurdo permanecer\u00eda en el club de Alberdi.<\/p>\n<p>&nbsp;<\/p>\n","protected":false},"excerpt":{"rendered":"<p>Ambos jugadores vuelven luego de sus prestamos y tendr\u00edan un lugar en el plantel de cara al Torneo Inicial. Belgrano buscar\u00e1 torcer el rumbo de la irregularidad que lo marco en el primer semestre del a\u00f1o. Para eso necesita rearmar el equipo (luego de las diferentes salidas y retornos de prestamos), y en lo posible [&hellip;]<\/p>\n","protected":false},"author":15,"featured_media":14632,"comment_status":"open","ping_status":"open","sticky":false,"template":"","format":"standard","meta":{"_seopress_robots_primary_cat":"","_seopress_titles_title":"","_seopress_titles_desc":"","_seopress_robots_index":"","footnotes":""},"categories":[2,16],"tags":[37,3078,3077,3079,1313,105,448,550],"class_list":["post-14631","post","type-post","status-publish","format-standard","has-post-thumbnail","hentry","category-futbol","category-primera-division","tag-belgrano","tag-etevenaux","tag-parodi","tag-pirata","tag-prestamo","tag-primera-division-2","tag-refuerzos","tag-zielinski"],"_links":{"self":[{"href":"https:\/\/www.cordobatimes.com\/deportes\/wp-json\/wp\/v2\/posts\/14631","targetHints":{"allow":["GET"]}}],"collection":[{"href":"https:\/\/www.cordobatimes.com\/deportes\/wp-json\/wp\/v2\/posts"}],"about":[{"href":"https:\/\/www.cordobatimes.com\/deportes\/wp-json\/wp\/v2\/types\/post"}],"author":[{"embeddable":true,"href":"https:\/\/www.cordobatimes.com\/deportes\/wp-json\/wp\/v2\/users\/15"}],"replies":[{"embeddable":true,"href":"https:\/\/www.cordobatimes.com\/deportes\/wp-json\/wp\/v2\/comments?post=14631"}],"version-history":[{"count":0,"href":"https:\/\/www.cordobatimes.com\/deportes\/wp-json\/wp\/v2\/posts\/14631\/revisions"}],"wp:featuredmedia":[{"embeddable":true,"href":"https:\/\/www.cordobatimes.com\/deportes\/wp-json\/wp\/v2\/media\/14632"}],"wp:attachment":[{"href":"https:\/\/www.cordobatimes.com\/deportes\/wp-json\/wp\/v2\/media?parent=14631"}],"wp:term":[{"taxonomy":"category","embeddable":true,"href":"https:\/\/www.cordobatimes.com\/deportes\/wp-json\/wp\/v2\/categories?post=14631"},{"taxonomy":"post_tag","embeddable":true,"href":"https:\/\/www.cordobatimes.com\/deportes\/wp-json\/wp\/v2\/tags?post=14631"}],"curies":[{"name":"wp","href":"https:\/\/api.w.org\/{rel}","templated":true}]}}