{"id":14577,"date":"2014-05-27T11:15:51","date_gmt":"2014-05-27T14:15:51","guid":{"rendered":"http:\/\/www.cordobatimes.com\/deportes\/?p=14577"},"modified":"2014-05-27T11:15:51","modified_gmt":"2014-05-27T14:15:51","slug":"berlocq-piso-fuerte-en-roland-garros-y-derroto-a-hewitt","status":"publish","type":"post","link":"https:\/\/www.cordobatimes.com\/deportes\/tenis\/2014\/05\/27\/berlocq-piso-fuerte-en-roland-garros-y-derroto-a-hewitt\/","title":{"rendered":"Berlocq pis\u00f3 fuerte en Roland Garros y derrot\u00f3 a Hewitt"},"content":{"rendered":"<h3><strong><a href=\"http:\/\/www.cordobatimes.com\/deportes\/wp-content\/uploads\/2014\/04\/Berlocq1.jpg\"><img loading=\"lazy\" decoding=\"async\" class=\"size-full wp-image-12674 aligncenter\" alt=\"Berlocq\" src=\"http:\/\/www.cordobatimes.com\/deportes\/wp-content\/uploads\/2014\/04\/Berlocq1.jpg\" width=\"620\" height=\"413\" data-id=\"12674\" srcset=\"https:\/\/www.cordobatimes.com\/deportes\/wp-content\/uploads\/2014\/04\/Berlocq1.jpg 620w, https:\/\/www.cordobatimes.com\/deportes\/wp-content\/uploads\/2014\/04\/Berlocq1-300x199.jpg 300w\" sizes=\"auto, (max-width: 620px) 100vw, 620px\" \/><\/a><\/strong><\/h3>\n<h3><strong>El tenista de Chascom\u00fas se recuper\u00f3 del primer set perdido y gan\u00f3 tres consecutivos para quedarse con una trabajosa victoria en el segundo Grand Slam del a\u00f1o. Tambi\u00e9n sali\u00f3 victorioso Pico M\u00f3naco.<\/strong><\/h3>\n<p>&nbsp;<\/p>\n<p>El torneo franc\u00e9s sigue dando buenas noticias para los argentinos. En este caso fue Berlocq el que se calz\u00f3 la pilcha de luchador y venci\u00f3 al siempre dificil Hewitt. El australiano (46 del ranking) obtuvo 6-3 la manga inicial pero Charly (47) se repuso y logr\u00f3 los restantes con parciales 6-2, 6-1 y 6-4. En la siguiente instancia se medir\u00e1 con el ganador del duelo entre Gasquet y Tomic.<\/p>\n<p>En tanto, \u00a0Ju\u00e1n M\u00f3naco super\u00f3 al local Lucas Pouille por 6-3, 6-1 y 6-4 en de una hora y 43 minutos de juego. Su pr\u00f3ximo rival ser\u00e1 el italiano Andreas Seppi, quien dej\u00f3 en el camino al colombiano Santiago Giraldo por 6-3, 7-5 y 6-3.<\/p>\n","protected":false},"excerpt":{"rendered":"<p>El tenista de Chascom\u00fas se recuper\u00f3 del primer set perdido y gan\u00f3 tres consecutivos para quedarse con una trabajosa victoria en el segundo Grand Slam del a\u00f1o. Tambi\u00e9n sali\u00f3 victorioso Pico M\u00f3naco. &nbsp; El torneo franc\u00e9s sigue dando buenas noticias para los argentinos. En este caso fue Berlocq el que se calz\u00f3 la pilcha de [&hellip;]<\/p>\n","protected":false},"author":2,"featured_media":12674,"comment_status":"open","ping_status":"open","sticky":false,"template":"","format":"standard","meta":{"_seopress_robots_primary_cat":"","_seopress_titles_title":"","_seopress_titles_desc":"","_seopress_robots_index":"","footnotes":""},"categories":[4],"tags":[202,1527,366,976,1410,3018],"class_list":["post-14577","post","type-post","status-publish","format-standard","has-post-thumbnail","hentry","category-tenis","tag-atp","tag-berlocq","tag-francia","tag-hewitt","tag-monaco","tag-roland-garros"],"_links":{"self":[{"href":"https:\/\/www.cordobatimes.com\/deportes\/wp-json\/wp\/v2\/posts\/14577","targetHints":{"allow":["GET"]}}],"collection":[{"href":"https:\/\/www.cordobatimes.com\/deportes\/wp-json\/wp\/v2\/posts"}],"about":[{"href":"https:\/\/www.cordobatimes.com\/deportes\/wp-json\/wp\/v2\/types\/post"}],"author":[{"embeddable":true,"href":"https:\/\/www.cordobatimes.com\/deportes\/wp-json\/wp\/v2\/users\/2"}],"replies":[{"embeddable":true,"href":"https:\/\/www.cordobatimes.com\/deportes\/wp-json\/wp\/v2\/comments?post=14577"}],"version-history":[{"count":0,"href":"https:\/\/www.cordobatimes.com\/deportes\/wp-json\/wp\/v2\/posts\/14577\/revisions"}],"wp:featuredmedia":[{"embeddable":true,"href":"https:\/\/www.cordobatimes.com\/deportes\/wp-json\/wp\/v2\/media\/12674"}],"wp:attachment":[{"href":"https:\/\/www.cordobatimes.com\/deportes\/wp-json\/wp\/v2\/media?parent=14577"}],"wp:term":[{"taxonomy":"category","embeddable":true,"href":"https:\/\/www.cordobatimes.com\/deportes\/wp-json\/wp\/v2\/categories?post=14577"},{"taxonomy":"post_tag","embeddable":true,"href":"https:\/\/www.cordobatimes.com\/deportes\/wp-json\/wp\/v2\/tags?post=14577"}],"curies":[{"name":"wp","href":"https:\/\/api.w.org\/{rel}","templated":true}]}}