{"id":14441,"date":"2014-05-24T20:43:20","date_gmt":"2014-05-24T23:43:20","guid":{"rendered":"http:\/\/www.cordobatimes.com\/deportes\/?p=14441"},"modified":"2014-05-24T20:47:31","modified_gmt":"2014-05-24T23:47:31","slug":"f1-rosberg-se-adjudico-la-pole-y-se-candidatea-para-ser-el-principe-en-monaco","status":"publish","type":"post","link":"https:\/\/www.cordobatimes.com\/deportes\/automovilismo\/2014\/05\/24\/f1-rosberg-se-adjudico-la-pole-y-se-candidatea-para-ser-el-principe-en-monaco\/","title":{"rendered":"F1: Rosberg se adjudic\u00f3 la pole y se candidatea para ser el &#8220;pr\u00edncipe&#8221; en M\u00f3naco"},"content":{"rendered":"<p style=\"text-align: justify;\"><a href=\"http:\/\/www.cordobatimes.com\/deportes\/wp-content\/uploads\/2014\/05\/rosberg.jpg\"><img loading=\"lazy\" decoding=\"async\" class=\"size-full wp-image-14455 aligncenter\" alt=\"rosberg\" src=\"http:\/\/www.cordobatimes.com\/deportes\/wp-content\/uploads\/2014\/05\/rosberg.jpg\" width=\"600\" height=\"400\" data-id=\"14455\" srcset=\"https:\/\/www.cordobatimes.com\/deportes\/wp-content\/uploads\/2014\/05\/rosberg.jpg 600w, https:\/\/www.cordobatimes.com\/deportes\/wp-content\/uploads\/2014\/05\/rosberg-300x200.jpg 300w\" sizes=\"auto, (max-width: 600px) 100vw, 600px\" \/><\/a><\/p>\n<h3 style=\"text-align: justify;\"><\/h3>\n<h3 style=\"text-align: justify;\">La jornada sabatina en el pintorezco circuito de M\u00f3naco fue para Nico Rosberg (Mercedes), logrando su segunda pole en la temporada.\u00a0Su compa\u00f1ero de equipo Lewis Hamilton y Daniel Ricciardo (Red Bull) fueron sus escoltas.<\/h3>\n<p style=\"text-align: justify;\">\n<p style=\"text-align: justify;\">No es novedad de que el equipo Mercedes se quede una vez m\u00e1s con la pole position, de hecho es sexta pole en seis carreras para el conjunto de Stuttgart. Esta vez le toc\u00f3 a Nico Rosberg, consiguiendo su segundo logro en clasificaci\u00f3n en la temporada,autoridad y algo de pol\u00e9mica.<\/p>\n<p style=\"text-align: justify;\">El alem\u00e1n ha perjudicado a su compa\u00f1ero de equipo creando algo de tensi\u00f3n en el equipo Mercedes. Rosber provoc\u00f3 en la\u00a0\u00a0curva 5 ,a falta de escasos segundos para concluir la Q3, \u00a0banderas amarillas impidiendo mejorar los tiempos a sus rivales, especialmente a Hamilton.<\/p>\n<p style=\"text-align: justify;\">&#8220;Cre\u00eda que estaba fuera cuando ocurri\u00f3 porque pens\u00e9 que la pista mejorar\u00eda y alguien podr\u00eda batir el tiempo. Pero no, por supuesto, al final estoy realmente contento de que conseguirlo al final. Estar en la pole es fant\u00e1stico en casa; no puede ser mejor&#8221;.<\/p>\n<p style=\"text-align: justify;\">&#8220;Por supuesto que lo siento por Lewis. No sab\u00eda exactamente d\u00f3nde estaba pero cuando met\u00ed marcha atr\u00e1s, vi que estaba llegando. Por supuesto eso no es genial pero as\u00ed ha sido&#8221;, continu\u00f3 el alem\u00e1n, consciente del ambiente que hab\u00eda a su alrededor. &#8220;Estoy muy contento por empezar primero. Ser\u00e1 una larga carrera ma\u00f1ana. Adem\u00e1s se supone que el clima podr\u00eda variar de cara a la carrera, por lo que no s\u00e9 si empezaremos en seco o no. Por supuesto, estoy en el mejor lugar de saldia y simplemente tengo que tratar de hacer una buena arrancada. Esa ha sido nuestra debilidad en las \u00faltimas carreras pero hemos trabajado duro en ello, por lo que tengo confianza de que ma\u00f1ana todo deber\u00eda ir bien en la salida&#8221; ,Expres\u00f3 el poleman .<\/p>\n<p style=\"text-align: justify;\">Por su parte Hamilton dec\u00eda:&#8221;He tenido un buen fin de semana hasta ahora y me he estado concentrando en mi propio rendimiento y trabajando en el ritmo paso a paso. La calificaci\u00f3n estaba marchando bien, pero deb\u00ed haber \u2018clavado\u2019 mi mejor vuelta antes del final de la Q3. Esto es M\u00f3naco y siempre hay riesgos de banderas amarillas. Claro que estoy extremadamente decepcionado por no poder finalizar mi vuelta, ya que estaba dos d\u00e9cimas por encima. As\u00ed es el mundo del motor. Tengo que tener la mejor salida posible y entonces ver qu\u00e9 podemos hacer&#8221;.<\/p>\n<p style=\"text-align: justify;\">Sebastian Vettel (Red Bull) se posicion\u00f3 cuarto por detr\u00e1s de su compa\u00f1ero Riccirado. Fernando Alonso ser\u00e1 quinto y su compa\u00f1ero finland\u00e9s Kimi Raikkonen, sexto. El s\u00e9ptimo lugar fue para el franc\u00e9s de Toro Rosso Jean-Eric Vergne, seguido por el dan\u00e9s Kevin Magnussen (McLaren), el ruso Daniil Kvyat (Toro Rosso) y el mexicano Sergio P\u00e9rez (Force India), que cierra la n\u00f3mina de los diez primeros.<\/p>\n<p style=\"text-align: justify;\">\n<h6 style=\"text-align: justify;\">Fuente: caranddrivethef1<\/h6>\n<h6 style=\"text-align: justify;\"><\/h6>\n<p>&nbsp;<\/p>\n<p>&nbsp;<\/p>\n<p>&nbsp;<\/p>\n","protected":false},"excerpt":{"rendered":"<p>La jornada sabatina en el pintorezco circuito de M\u00f3naco fue para Nico Rosberg (Mercedes), logrando su segunda pole en la temporada.\u00a0Su compa\u00f1ero de equipo Lewis Hamilton y Daniel Ricciardo (Red Bull) fueron sus escoltas. No es novedad de que el equipo Mercedes se quede una vez m\u00e1s con la pole position, de hecho es sexta [&hellip;]<\/p>\n","protected":false},"author":6,"featured_media":14455,"comment_status":"open","ping_status":"open","sticky":false,"template":"","format":"standard","meta":{"_seopress_robots_primary_cat":"","_seopress_titles_title":"","_seopress_titles_desc":"","_seopress_robots_index":"","footnotes":""},"categories":[1,13],"tags":[1917,569,5567,45,3031,1728,2171],"class_list":["post-14441","post","type-post","status-publish","format-standard","has-post-thumbnail","hentry","category-automovilismo","category-formula-1","tag-daniel-ricciardo","tag-f1","tag-formula-1","tag-formula-uno","tag-gp-de-monaco","tag-lewis-hamilton","tag-nico-rosberg"],"_links":{"self":[{"href":"https:\/\/www.cordobatimes.com\/deportes\/wp-json\/wp\/v2\/posts\/14441","targetHints":{"allow":["GET"]}}],"collection":[{"href":"https:\/\/www.cordobatimes.com\/deportes\/wp-json\/wp\/v2\/posts"}],"about":[{"href":"https:\/\/www.cordobatimes.com\/deportes\/wp-json\/wp\/v2\/types\/post"}],"author":[{"embeddable":true,"href":"https:\/\/www.cordobatimes.com\/deportes\/wp-json\/wp\/v2\/users\/6"}],"replies":[{"embeddable":true,"href":"https:\/\/www.cordobatimes.com\/deportes\/wp-json\/wp\/v2\/comments?post=14441"}],"version-history":[{"count":0,"href":"https:\/\/www.cordobatimes.com\/deportes\/wp-json\/wp\/v2\/posts\/14441\/revisions"}],"wp:featuredmedia":[{"embeddable":true,"href":"https:\/\/www.cordobatimes.com\/deportes\/wp-json\/wp\/v2\/media\/14455"}],"wp:attachment":[{"href":"https:\/\/www.cordobatimes.com\/deportes\/wp-json\/wp\/v2\/media?parent=14441"}],"wp:term":[{"taxonomy":"category","embeddable":true,"href":"https:\/\/www.cordobatimes.com\/deportes\/wp-json\/wp\/v2\/categories?post=14441"},{"taxonomy":"post_tag","embeddable":true,"href":"https:\/\/www.cordobatimes.com\/deportes\/wp-json\/wp\/v2\/tags?post=14441"}],"curies":[{"name":"wp","href":"https:\/\/api.w.org\/{rel}","templated":true}]}}