{"id":14319,"date":"2014-05-22T16:21:50","date_gmt":"2014-05-22T19:21:50","guid":{"rendered":"http:\/\/www.cordobatimes.com\/deportes\/?p=14319"},"modified":"2014-05-22T16:21:50","modified_gmt":"2014-05-22T19:21:50","slug":"belgrano-los-que-vuelven","status":"publish","type":"post","link":"https:\/\/www.cordobatimes.com\/deportes\/futbol\/2014\/05\/22\/belgrano-los-que-vuelven\/","title":{"rendered":"Belgrano: los que vuelven"},"content":{"rendered":"<p style=\"text-align: center;\"><a href=\"http:\/\/www.cordobatimes.com\/deportes\/wp-content\/uploads\/2014\/05\/Ruso.jpg\"><img loading=\"lazy\" decoding=\"async\" class=\"size-full wp-image-14320 aligncenter\" alt=\"Ruso\" src=\"http:\/\/www.cordobatimes.com\/deportes\/wp-content\/uploads\/2014\/05\/Ruso.jpg\" width=\"600\" height=\"411\" data-id=\"14320\" srcset=\"https:\/\/www.cordobatimes.com\/deportes\/wp-content\/uploads\/2014\/05\/Ruso.jpg 600w, https:\/\/www.cordobatimes.com\/deportes\/wp-content\/uploads\/2014\/05\/Ruso-300x205.jpg 300w\" sizes=\"auto, (max-width: 600px) 100vw, 600px\" \/><\/a><\/p>\n<h3 style=\"text-align: justify;\"><b>Finalizado el Torneo Inicial, ya se sabe cu\u00e1les son los jugadores que deber\u00e1n volver al Pirata luego de sus pr\u00e9stamos. Algunos podr\u00edan quedar en el\u00a0<\/b><b>plantel del pr\u00f3ximo torneo.<\/b><\/h3>\n<p style=\"text-align: justify;\">\n<p style=\"text-align: justify;\">Belgrano cerr\u00f3 un pobre semestre en donde no se cumplieron ninguno de los objetivos planteados. El \u201cPirata\u201d estuvo lejos de pelear el campeonato y no pudo clasificarse a la Copa Sudamericana, tirando por la borda las buenas campa\u00f1as realizadas el a\u00f1o pasado.<\/p>\n<p style=\"text-align: justify;\">Se supo que jugadores como Carlos Buenos y Ezequiel Maggiolo dejaran la instituci\u00f3n de Alberdi en busca de mayor regularidad y continuidad.\u00a0 Pero al margen de los jugadores que se vayan, ahora Zielisnki deber\u00e1 resolver que pasar\u00e1 con los jugadores que vuelven de sus pr\u00e9stamos.<\/p>\n<p style=\"text-align: justify;\">Etevenaux y Cuevas vuelven luego de su paso en Douglas Haig; Parodi (Cobresal) y Alvarez Su\u00e1rez (San Marcos de Arica) regresan tras su estadia en Chile; C\u00e9sar Mansanelli retorna desde Rafaela; Rigamonti har\u00e1 lo propio desde Sportivo Belgrano de San Francisco. Estos dos \u00faltimos tendr\u00edan posibilidades de quedarse para reforzar el equipo de cara al pr\u00f3ximo semestre.<\/p>\n<p style=\"text-align: justify;\">Por \u00faltimo, Ricardo Zielisnki quiere a Ismael Blanco como el \u201c9\u201d de su equipo, y desde la dirigencia comenzar\u00e1n las negociaciones para traer al actual futbolista de Lanus. El delantero de \u00e1rea es la deuda pendiente del ciclo P\u00e9rez-Zielinski, luego de los frustrados pasos de: Andres Silvera, Marco P\u00e9rez, Juan Mart\u00edn, y los propios Maggiolo y Bueno.<\/p>\n","protected":false},"excerpt":{"rendered":"<p>Finalizado el Torneo Inicial, ya se sabe cu\u00e1les son los jugadores que deber\u00e1n volver al Pirata luego de sus pr\u00e9stamos. Algunos podr\u00edan quedar en el\u00a0plantel del pr\u00f3ximo torneo. Belgrano cerr\u00f3 un pobre semestre en donde no se cumplieron ninguno de los objetivos planteados. El \u201cPirata\u201d estuvo lejos de pelear el campeonato y no pudo clasificarse [&hellip;]<\/p>\n","protected":false},"author":15,"featured_media":14320,"comment_status":"open","ping_status":"open","sticky":false,"template":"","format":"standard","meta":{"_seopress_robots_primary_cat":"","_seopress_titles_title":"","_seopress_titles_desc":"","_seopress_robots_index":"","footnotes":""},"categories":[2,16],"tags":[37,3011,3009,3012,3010,105,550],"class_list":["post-14319","post","type-post","status-publish","format-standard","has-post-thumbnail","hentry","category-futbol","category-primera-division","tag-belgrano","tag-bueno","tag-delantero","tag-ismael-blanco","tag-maggiolo","tag-primera-division-2","tag-zielinski"],"_links":{"self":[{"href":"https:\/\/www.cordobatimes.com\/deportes\/wp-json\/wp\/v2\/posts\/14319","targetHints":{"allow":["GET"]}}],"collection":[{"href":"https:\/\/www.cordobatimes.com\/deportes\/wp-json\/wp\/v2\/posts"}],"about":[{"href":"https:\/\/www.cordobatimes.com\/deportes\/wp-json\/wp\/v2\/types\/post"}],"author":[{"embeddable":true,"href":"https:\/\/www.cordobatimes.com\/deportes\/wp-json\/wp\/v2\/users\/15"}],"replies":[{"embeddable":true,"href":"https:\/\/www.cordobatimes.com\/deportes\/wp-json\/wp\/v2\/comments?post=14319"}],"version-history":[{"count":0,"href":"https:\/\/www.cordobatimes.com\/deportes\/wp-json\/wp\/v2\/posts\/14319\/revisions"}],"wp:featuredmedia":[{"embeddable":true,"href":"https:\/\/www.cordobatimes.com\/deportes\/wp-json\/wp\/v2\/media\/14320"}],"wp:attachment":[{"href":"https:\/\/www.cordobatimes.com\/deportes\/wp-json\/wp\/v2\/media?parent=14319"}],"wp:term":[{"taxonomy":"category","embeddable":true,"href":"https:\/\/www.cordobatimes.com\/deportes\/wp-json\/wp\/v2\/categories?post=14319"},{"taxonomy":"post_tag","embeddable":true,"href":"https:\/\/www.cordobatimes.com\/deportes\/wp-json\/wp\/v2\/tags?post=14319"}],"curies":[{"name":"wp","href":"https:\/\/api.w.org\/{rel}","templated":true}]}}