{"id":14314,"date":"2014-05-22T15:25:11","date_gmt":"2014-05-22T18:25:11","guid":{"rendered":"http:\/\/www.cordobatimes.com\/deportes\/?p=14314"},"modified":"2014-05-22T15:26:30","modified_gmt":"2014-05-22T18:26:30","slug":"tenis-delbonis-vencio-isner-en-el-atp-de-niza","status":"publish","type":"post","link":"https:\/\/www.cordobatimes.com\/deportes\/tenis\/2014\/05\/22\/tenis-delbonis-vencio-isner-en-el-atp-de-niza\/","title":{"rendered":"Tenis: Delbonis venci\u00f3 a Isner en el ATP de Niza"},"content":{"rendered":"<p style=\"text-align: center;\"><a href=\"http:\/\/www.cordobatimes.com\/deportes\/wp-content\/uploads\/2014\/05\/Delbonis.jpg\"><img loading=\"lazy\" decoding=\"async\" class=\"size-full wp-image-14315 aligncenter\" alt=\"Delbonis\" src=\"http:\/\/www.cordobatimes.com\/deportes\/wp-content\/uploads\/2014\/05\/Delbonis.jpg\" width=\"750\" height=\"482\" data-id=\"14315\" srcset=\"https:\/\/www.cordobatimes.com\/deportes\/wp-content\/uploads\/2014\/05\/Delbonis.jpg 750w, https:\/\/www.cordobatimes.com\/deportes\/wp-content\/uploads\/2014\/05\/Delbonis-300x192.jpg 300w\" sizes=\"auto, (max-width: 750px) 100vw, 750px\" \/><\/a><\/p>\n<h3 style=\"text-align: justify;\"><b>El tenista argentino dio el batacazo y le gan\u00f3 a John Isner por 6-4, 5-7 y 7-6. De esta manera se meti\u00f3 en la semifinal del torneo franc\u00e9s, donde aguarda por Berlocq o Simon. <\/b><\/h3>\n<p style=\"text-align: justify;\">\n<p style=\"text-align: justify;\">Federico Delbonis avanz\u00f3 a las semifinales del ATP 250 de Niza, tras superar a uno de los m\u00e1ximos candidatos a quedarse con el t\u00edtulo: el estadounidense John Isner. Los parciales fueron de 6-4, 5-7 y 7-6 (8-6), en dos horas y 12 minutos de\u00a0 juego.<\/p>\n<p style=\"text-align: justify;\">El jugador oriundo de Azul, provincia de Buenos Aires, esperar\u00e1 ahora al ganador entre su compatriota Carlos Berlocq y el franc\u00e9s Gielles Simon, para conocer su rival de ma\u00f1ana.<\/p>\n<p style=\"text-align: justify;\">El que no tuvo la misma suerte fue Leonardo Mayer, quien en la previa del choque de Delbonis, cay\u00f3 en los cuartos de final ante el espa\u00f1ol Albert Monta\u00f1es por 6-7 (6-8), 6-3 y 6-3, en dos horas y 11 minutos de partido. El correntino, \u00a0N\u00b0 77 del ranking ATP, batall\u00f3 y mostr\u00f3 un tenis muy s\u00f3lido, pero no le alcanzo para derrotar al tenista catal\u00e1n, actual campe\u00f3n del certamen.<\/p>\n<p style=\"text-align: justify;\">Respecto al otro argentino que sigue en carrera, Berlocq ya se enfrent\u00f3 en 7 oportunidades ante Simon. Le gan\u00f3 tres veces: en Buenos Aires y Acapulco 2012, y en la serie de cuartos de final de la Copa Davis jugada el a\u00f1o pasado en Buenos Aires; mientras que perdi\u00f3 en cuatro ocasiones: Bucarest 2007, Indian Wells 2008, Estoril 2011 y Hamburgo 2012.<\/p>\n","protected":false},"excerpt":{"rendered":"<p>El tenista argentino dio el batacazo y le gan\u00f3 a John Isner por 6-4, 5-7 y 7-6. De esta manera se meti\u00f3 en la semifinal del torneo franc\u00e9s, donde aguarda por Berlocq o Simon. Federico Delbonis avanz\u00f3 a las semifinales del ATP 250 de Niza, tras superar a uno de los m\u00e1ximos candidatos a quedarse [&hellip;]<\/p>\n","protected":false},"author":15,"featured_media":14315,"comment_status":"open","ping_status":"open","sticky":false,"template":"","format":"standard","meta":{"_seopress_robots_primary_cat":"","_seopress_titles_title":"","_seopress_titles_desc":"","_seopress_robots_index":"","footnotes":""},"categories":[4],"tags":[202,1527,2499,1528,3007,3008],"class_list":["post-14314","post","type-post","status-publish","format-standard","has-post-thumbnail","hentry","category-tenis","tag-atp","tag-berlocq","tag-delbonis","tag-mayer","tag-niza","tag-tenis-argentino"],"_links":{"self":[{"href":"https:\/\/www.cordobatimes.com\/deportes\/wp-json\/wp\/v2\/posts\/14314","targetHints":{"allow":["GET"]}}],"collection":[{"href":"https:\/\/www.cordobatimes.com\/deportes\/wp-json\/wp\/v2\/posts"}],"about":[{"href":"https:\/\/www.cordobatimes.com\/deportes\/wp-json\/wp\/v2\/types\/post"}],"author":[{"embeddable":true,"href":"https:\/\/www.cordobatimes.com\/deportes\/wp-json\/wp\/v2\/users\/15"}],"replies":[{"embeddable":true,"href":"https:\/\/www.cordobatimes.com\/deportes\/wp-json\/wp\/v2\/comments?post=14314"}],"version-history":[{"count":0,"href":"https:\/\/www.cordobatimes.com\/deportes\/wp-json\/wp\/v2\/posts\/14314\/revisions"}],"wp:featuredmedia":[{"embeddable":true,"href":"https:\/\/www.cordobatimes.com\/deportes\/wp-json\/wp\/v2\/media\/14315"}],"wp:attachment":[{"href":"https:\/\/www.cordobatimes.com\/deportes\/wp-json\/wp\/v2\/media?parent=14314"}],"wp:term":[{"taxonomy":"category","embeddable":true,"href":"https:\/\/www.cordobatimes.com\/deportes\/wp-json\/wp\/v2\/categories?post=14314"},{"taxonomy":"post_tag","embeddable":true,"href":"https:\/\/www.cordobatimes.com\/deportes\/wp-json\/wp\/v2\/tags?post=14314"}],"curies":[{"name":"wp","href":"https:\/\/api.w.org\/{rel}","templated":true}]}}